{"id":2184,"date":"2024-05-16T10:04:49","date_gmt":"2024-05-16T09:04:49","guid":{"rendered":"http:\/\/radioluna.iesalbarregas.com\/?p=2184"},"modified":"2024-05-16T10:04:49","modified_gmt":"2024-05-16T09:04:49","slug":"mostrando-nuestras-habilidades","status":"publish","type":"post","link":"http:\/\/radioluna.iesalbarregas.com\/?p=2184","title":{"rendered":"MOSTRANDO NUESTRAS HABILIDADES"},"content":{"rendered":"\n<figure class=\"wp-block-audio\"><audio controls src=\"http:\/\/radioluna.iesalbarregas.com\/wp-content\/uploads\/2024\/05\/Cantando_Victor.mp3\"><\/audio><\/figure>\n\n\n\n<p><strong>Mostrando nuestras habilidades<\/strong><\/p>\n\n\n\n<p><strong><em>Descripci\u00f3n:<\/em><\/strong> Sara Naima Aguado Kab, Sheila Garc\u00eda Prada y Julio S\u00e1nchez Conde dan entrada a&nbsp; V\u00edctor Carvajal Burgos, de 1\u00ba de ESO C, amante de la chirigota y el carnaval,&nbsp; quien nos muestra , con entusiasmo, varias de las canciones que suele cantar \u00a1aunque no sea carnaval! . \u00c9l mismo realiza el acompa\u00f1amiento de percusi\u00f3n.<\/p>\n\n\n\n<p><em>Duraci\u00f3n: <\/em>02:38 min<\/p>\n\n\n\n<p><strong><em>Direcci\u00f3n y montaje:<\/em><\/strong><em> <\/em>Mar\u00eda Fernanda Cruz Garc\u00eda<\/p>\n\n\n\n<figure class=\"wp-block-gallery has-nested-images columns-default is-cropped\">\n<figure class=\"wp-block-image size-large\"><a href=\"http:\/\/radioluna.iesalbarregas.com\/wp-content\/uploads\/2024\/05\/20240513_164351.jpg\"><img loading=\"lazy\" width=\"672\" height=\"1024\" data-id=\"2186\"  src=\"http:\/\/radioluna.iesalbarregas.com\/wp-content\/uploads\/2024\/05\/20240513_164351-672x1024.jpg\" alt=\"\" class=\"wp-image-2186\" srcset=\"http:\/\/radioluna.iesalbarregas.com\/wp-content\/uploads\/2024\/05\/20240513_164351-672x1024.jpg 672w, http:\/\/radioluna.iesalbarregas.com\/wp-content\/uploads\/2024\/05\/20240513_164351-197x300.jpg 197w, http:\/\/radioluna.iesalbarregas.com\/wp-content\/uploads\/2024\/05\/20240513_164351-768x1170.jpg 768w, http:\/\/radioluna.iesalbarregas.com\/wp-content\/uploads\/2024\/05\/20240513_164351.jpg 848w\" sizes=\"(max-width: 672px) 100vw, 672px\" \/><\/a><\/figure>\n\n\n\n<figure class=\"wp-block-image size-large\"><a href=\"http:\/\/radioluna.iesalbarregas.com\/wp-content\/uploads\/2024\/05\/20240513_134017-scaled.jpg\"><img loading=\"lazy\" width=\"1024\" height=\"576\" data-id=\"2187\"  src=\"http:\/\/radioluna.iesalbarregas.com\/wp-content\/uploads\/2024\/05\/20240513_134017-1024x576.jpg\" alt=\"\" class=\"wp-image-2187\" srcset=\"http:\/\/radioluna.iesalbarregas.com\/wp-content\/uploads\/2024\/05\/20240513_134017-1024x576.jpg 1024w, http:\/\/radioluna.iesalbarregas.com\/wp-content\/uploads\/2024\/05\/20240513_134017-300x169.jpg 300w, http:\/\/radioluna.iesalbarregas.com\/wp-content\/uploads\/2024\/05\/20240513_134017-768x432.jpg 768w, http:\/\/radioluna.iesalbarregas.com\/wp-content\/uploads\/2024\/05\/20240513_134017-1536x864.jpg 1536w, http:\/\/radioluna.iesalbarregas.com\/wp-content\/uploads\/2024\/05\/20240513_134017-2048x1152.jpg 2048w, http:\/\/radioluna.iesalbarregas.com\/wp-content\/uploads\/2024\/05\/20240513_134017-500x281.jpg 500w\" sizes=\"(max-width: 1024px) 100vw, 1024px\" \/><\/a><\/figure>\n<\/figure>\n","protected":false},"excerpt":{"rendered":"<p>Mostrando nuestras habilidades Descripci\u00f3n: Sara Naima Aguado Kab, Sheila Garc\u00eda Prada y Julio S\u00e1nchez Conde dan entrada a&nbsp; V\u00edctor Carvajal Burgos, de 1\u00ba de ESO C, amante de la chirigota y el carnaval,&nbsp; quien nos muestra , con entusiasmo, varias &hellip; <a href=\"http:\/\/radioluna.iesalbarregas.com\/?p=2184\">Sigue leyendo <span class=\"meta-nav\">&rarr;<\/span><\/a><\/p>\n","protected":false},"author":2,"featured_media":0,"comment_status":"closed","ping_status":"closed","sticky":false,"template":"","format":"standard","meta":[],"categories":[9],"tags":[153,146],"_links":{"self":[{"href":"http:\/\/radioluna.iesalbarregas.com\/index.php?rest_route=\/wp\/v2\/posts\/2184"}],"collection":[{"href":"http:\/\/radioluna.iesalbarregas.com\/index.php?rest_route=\/wp\/v2\/posts"}],"about":[{"href":"http:\/\/radioluna.iesalbarregas.com\/index.php?rest_route=\/wp\/v2\/types\/post"}],"author":[{"embeddable":true,"href":"http:\/\/radioluna.iesalbarregas.com\/index.php?rest_route=\/wp\/v2\/users\/2"}],"replies":[{"embeddable":true,"href":"http:\/\/radioluna.iesalbarregas.com\/index.php?rest_route=%2Fwp%2Fv2%2Fcomments&post=2184"}],"version-history":[{"count":1,"href":"http:\/\/radioluna.iesalbarregas.com\/index.php?rest_route=\/wp\/v2\/posts\/2184\/revisions"}],"predecessor-version":[{"id":2188,"href":"http:\/\/radioluna.iesalbarregas.com\/index.php?rest_route=\/wp\/v2\/posts\/2184\/revisions\/2188"}],"wp:attachment":[{"href":"http:\/\/radioluna.iesalbarregas.com\/index.php?rest_route=%2Fwp%2Fv2%2Fmedia&parent=2184"}],"wp:term":[{"taxonomy":"category","embeddable":true,"href":"http:\/\/radioluna.iesalbarregas.com\/index.php?rest_route=%2Fwp%2Fv2%2Fcategories&post=2184"},{"taxonomy":"post_tag","embeddable":true,"href":"http:\/\/radioluna.iesalbarregas.com\/index.php?rest_route=%2Fwp%2Fv2%2Ftags&post=2184"}],"curies":[{"name":"wp","href":"https:\/\/api.w.org\/{rel}","templated":true}]}}