{"id":2168,"date":"2024-04-29T11:06:38","date_gmt":"2024-04-29T10:06:38","guid":{"rendered":"http:\/\/radioluna.iesalbarregas.com\/?p=2168"},"modified":"2024-04-29T11:06:38","modified_gmt":"2024-04-29T10:06:38","slug":"microrrelatos-para-la-democracia","status":"publish","type":"post","link":"http:\/\/radioluna.iesalbarregas.com\/?p=2168","title":{"rendered":"MICRORRELATOS PARA LA DEMOCRACIA"},"content":{"rendered":"\n<figure class=\"wp-block-audio\"><audio controls src=\"http:\/\/radioluna.iesalbarregas.com\/wp-content\/uploads\/2024\/04\/Microrrelatos-para-la-democracia.mp3\"><\/audio><\/figure>\n\n\n\n<p>Alumnos de 1\u00ba Bachillerato  han escrito un microrrelato para la democracia donde se tratan diferentes aspectos relacionados con la discriminaci\u00f3n ling\u00fc\u00edstica y social y que nos permiten tomar conciencia de los deberes sociales que todav\u00eda est\u00e1n pendientes. Han participado en esta actividad propuesta por Jame Covars\u00ed, Profesor de Lengua y Literatura:<\/p>\n\n\n\n<p>-Lidia Ayuso Izaguirre, con el microrrelato <em>\u00abGalaxias<\/em>\u00ab.<\/p>\n\n\n\n<p>-Ernesto Ca\u00f1ada Jaro, con el microrrelato <em>\u00abEl tuerto es el rey<\/em>\u00ab.<\/p>\n\n\n\n<p>-Sara Cayetano Fern\u00e1ndez, con el microrrelato \u00ab<em>Vidas sin prioridad<\/em>\u00ab.<\/p>\n\n\n\n<p>Esperamos que los disfruten.<\/p>\n\n\n\n<figure class=\"wp-block-image size-large\"><a href=\"http:\/\/radioluna.iesalbarregas.com\/wp-content\/uploads\/2024\/04\/Microrrelatos-por-la-Democracia-scaled.jpg\"><img loading=\"lazy\" width=\"1024\" height=\"1024\" src=\"http:\/\/radioluna.iesalbarregas.com\/wp-content\/uploads\/2024\/04\/Microrrelatos-por-la-Democracia-1024x1024.jpg\" alt=\"\" class=\"wp-image-2170\" srcset=\"http:\/\/radioluna.iesalbarregas.com\/wp-content\/uploads\/2024\/04\/Microrrelatos-por-la-Democracia-1024x1024.jpg 1024w, http:\/\/radioluna.iesalbarregas.com\/wp-content\/uploads\/2024\/04\/Microrrelatos-por-la-Democracia-300x300.jpg 300w, http:\/\/radioluna.iesalbarregas.com\/wp-content\/uploads\/2024\/04\/Microrrelatos-por-la-Democracia-150x150.jpg 150w, http:\/\/radioluna.iesalbarregas.com\/wp-content\/uploads\/2024\/04\/Microrrelatos-por-la-Democracia-768x768.jpg 768w, http:\/\/radioluna.iesalbarregas.com\/wp-content\/uploads\/2024\/04\/Microrrelatos-por-la-Democracia-1536x1536.jpg 1536w, http:\/\/radioluna.iesalbarregas.com\/wp-content\/uploads\/2024\/04\/Microrrelatos-por-la-Democracia-2048x2048.jpg 2048w\" sizes=\"(max-width: 1024px) 100vw, 1024px\" \/><\/a><\/figure>\n","protected":false},"excerpt":{"rendered":"<p>Alumnos de 1\u00ba Bachillerato han escrito un microrrelato para la democracia donde se tratan diferentes aspectos relacionados con la discriminaci\u00f3n ling\u00fc\u00edstica y social y que nos permiten tomar conciencia de los deberes sociales que todav\u00eda est\u00e1n pendientes. Han participado en &hellip; <a href=\"http:\/\/radioluna.iesalbarregas.com\/?p=2168\">Sigue leyendo <span class=\"meta-nav\">&rarr;<\/span><\/a><\/p>\n","protected":false},"author":2,"featured_media":0,"comment_status":"closed","ping_status":"closed","sticky":false,"template":"","format":"standard","meta":[],"categories":[9],"tags":[157,146],"_links":{"self":[{"href":"http:\/\/radioluna.iesalbarregas.com\/index.php?rest_route=\/wp\/v2\/posts\/2168"}],"collection":[{"href":"http:\/\/radioluna.iesalbarregas.com\/index.php?rest_route=\/wp\/v2\/posts"}],"about":[{"href":"http:\/\/radioluna.iesalbarregas.com\/index.php?rest_route=\/wp\/v2\/types\/post"}],"author":[{"embeddable":true,"href":"http:\/\/radioluna.iesalbarregas.com\/index.php?rest_route=\/wp\/v2\/users\/2"}],"replies":[{"embeddable":true,"href":"http:\/\/radioluna.iesalbarregas.com\/index.php?rest_route=%2Fwp%2Fv2%2Fcomments&post=2168"}],"version-history":[{"count":1,"href":"http:\/\/radioluna.iesalbarregas.com\/index.php?rest_route=\/wp\/v2\/posts\/2168\/revisions"}],"predecessor-version":[{"id":2171,"href":"http:\/\/radioluna.iesalbarregas.com\/index.php?rest_route=\/wp\/v2\/posts\/2168\/revisions\/2171"}],"wp:attachment":[{"href":"http:\/\/radioluna.iesalbarregas.com\/index.php?rest_route=%2Fwp%2Fv2%2Fmedia&parent=2168"}],"wp:term":[{"taxonomy":"category","embeddable":true,"href":"http:\/\/radioluna.iesalbarregas.com\/index.php?rest_route=%2Fwp%2Fv2%2Fcategories&post=2168"},{"taxonomy":"post_tag","embeddable":true,"href":"http:\/\/radioluna.iesalbarregas.com\/index.php?rest_route=%2Fwp%2Fv2%2Ftags&post=2168"}],"curies":[{"name":"wp","href":"https:\/\/api.w.org\/{rel}","templated":true}]}}