{"id":2162,"date":"2024-04-29T11:01:22","date_gmt":"2024-04-29T10:01:22","guid":{"rendered":"http:\/\/radioluna.iesalbarregas.com\/?p=2162"},"modified":"2024-04-29T11:01:22","modified_gmt":"2024-04-29T10:01:22","slug":"hermanamiento-con-el-lycee-delambre-montaigne","status":"publish","type":"post","link":"http:\/\/radioluna.iesalbarregas.com\/?p=2162","title":{"rendered":"HERMANAMIENTO CON EL LYC\u00c9E DELAMBRE MONTAIGNE"},"content":{"rendered":"\n<figure class=\"wp-block-audio\"><audio controls src=\"http:\/\/radioluna.iesalbarregas.com\/wp-content\/uploads\/2024\/04\/Programa-de-Hermanamiento-Intercambio.mp3\"><\/audio><\/figure>\n\n\n\n<p>El Programa de Hermanamiento que el IES Albarregas comparte con el Lyc\u00e9e Delambre Montaigne de Amiens ha cobrado a\u00fan m\u00e1s vida este mes de abril. La semana del 15 al 19 de abril ha sido tremendamente emocionante y enriquecedora para el alumnado de 4\u00ba ESO de Franc\u00e9s.<\/p>\n\n\n\n<p>Nuestro alumnado ha recibido a un grupo formado por 12 estudiantes de 1\u00ba y 2\u00ba Bachillerato de la ciudad francesa de Amiens y 2 profesoras. A lo largo de toda la semana, el alumnado de 4\u00ba ha ejercido de anfitri\u00f3n, ense\u00f1\u00e1ndoles nuestro centro educativo, explicando c\u00f3mo funciona un instituto en Espa\u00f1a y c\u00f3mo se desarrollan sus jornadas.<\/p>\n\n\n\n<p>Adem\u00e1s, han podido ense\u00f1arles la ciudad a trav\u00e9s de interesantes gymkhanas, visitas guiadas a los vestigios m\u00e1s representativos y divertidos ratos de ocio y tiempo libre. Desde el inicio de la semana, se han convertido en amigos inseparables. Han podido compartir divertidos retos ling\u00fc\u00edsticos y culturales, tanto dentro como fuera de las aulas, salidas al campo, competiciones deportivas y muchos momentos de complicidad compartidos.<\/p>\n\n\n\n<p>El alumnado ha podido valorar su capacidad real de comunicaci\u00f3n en franc\u00e9s, desarrollar sus habilidades sociales, ling\u00fc\u00edsticas e interculturales y crecer, tanto a nivel acad\u00e9mico, como sobre todo, personal.<\/p>\n\n\n\n<p>Como broche final, todo el alumnado participante ha querido pasar por Radio Luna para despedirse. Para ello, el alumnado de 4\u00ba B y D ha realizado una entrevista a sus correspondientes para dejar plasmado en documento sonoro todo lo bueno vivido y compartido esta semana.<\/p>\n\n\n\n<p>La aventura solo acaba de empezar\u2026 \u00a1Pronto, m\u00e1s sorpresas!<\/p>\n\n\n\n<figure class=\"wp-block-gallery has-nested-images columns-default is-cropped\">\n<figure class=\"wp-block-image size-large\"><a href=\"http:\/\/radioluna.iesalbarregas.com\/wp-content\/uploads\/2024\/04\/Radio-1.jpeg\"><img loading=\"lazy\" width=\"1024\" height=\"768\" data-id=\"2164\"  src=\"http:\/\/radioluna.iesalbarregas.com\/wp-content\/uploads\/2024\/04\/Radio-1-1024x768.jpeg\" alt=\"\" class=\"wp-image-2164\" srcset=\"http:\/\/radioluna.iesalbarregas.com\/wp-content\/uploads\/2024\/04\/Radio-1-1024x768.jpeg 1024w, http:\/\/radioluna.iesalbarregas.com\/wp-content\/uploads\/2024\/04\/Radio-1-300x225.jpeg 300w, http:\/\/radioluna.iesalbarregas.com\/wp-content\/uploads\/2024\/04\/Radio-1-768x576.jpeg 768w, http:\/\/radioluna.iesalbarregas.com\/wp-content\/uploads\/2024\/04\/Radio-1-1536x1152.jpeg 1536w, http:\/\/radioluna.iesalbarregas.com\/wp-content\/uploads\/2024\/04\/Radio-1-400x300.jpeg 400w, http:\/\/radioluna.iesalbarregas.com\/wp-content\/uploads\/2024\/04\/Radio-1.jpeg 2000w\" sizes=\"(max-width: 1024px) 100vw, 1024px\" \/><\/a><\/figure>\n\n\n\n<figure class=\"wp-block-image size-large\"><a href=\"http:\/\/radioluna.iesalbarregas.com\/wp-content\/uploads\/2024\/04\/Radio-2.jpeg\"><img loading=\"lazy\" width=\"1024\" height=\"768\" data-id=\"2165\"  src=\"http:\/\/radioluna.iesalbarregas.com\/wp-content\/uploads\/2024\/04\/Radio-2-1024x768.jpeg\" alt=\"\" class=\"wp-image-2165\" srcset=\"http:\/\/radioluna.iesalbarregas.com\/wp-content\/uploads\/2024\/04\/Radio-2-1024x768.jpeg 1024w, http:\/\/radioluna.iesalbarregas.com\/wp-content\/uploads\/2024\/04\/Radio-2-300x225.jpeg 300w, http:\/\/radioluna.iesalbarregas.com\/wp-content\/uploads\/2024\/04\/Radio-2-768x576.jpeg 768w, http:\/\/radioluna.iesalbarregas.com\/wp-content\/uploads\/2024\/04\/Radio-2-1536x1152.jpeg 1536w, http:\/\/radioluna.iesalbarregas.com\/wp-content\/uploads\/2024\/04\/Radio-2-400x300.jpeg 400w, http:\/\/radioluna.iesalbarregas.com\/wp-content\/uploads\/2024\/04\/Radio-2.jpeg 2000w\" sizes=\"(max-width: 1024px) 100vw, 1024px\" \/><\/a><\/figure>\n\n\n\n<figure class=\"wp-block-image size-large\"><a href=\"http:\/\/radioluna.iesalbarregas.com\/wp-content\/uploads\/2024\/04\/Radio-3.jpeg\"><img loading=\"lazy\" width=\"1024\" height=\"768\" data-id=\"2166\"  src=\"http:\/\/radioluna.iesalbarregas.com\/wp-content\/uploads\/2024\/04\/Radio-3-1024x768.jpeg\" alt=\"\" class=\"wp-image-2166\" srcset=\"http:\/\/radioluna.iesalbarregas.com\/wp-content\/uploads\/2024\/04\/Radio-3-1024x768.jpeg 1024w, http:\/\/radioluna.iesalbarregas.com\/wp-content\/uploads\/2024\/04\/Radio-3-300x225.jpeg 300w, http:\/\/radioluna.iesalbarregas.com\/wp-content\/uploads\/2024\/04\/Radio-3-768x576.jpeg 768w, http:\/\/radioluna.iesalbarregas.com\/wp-content\/uploads\/2024\/04\/Radio-3-1536x1152.jpeg 1536w, http:\/\/radioluna.iesalbarregas.com\/wp-content\/uploads\/2024\/04\/Radio-3-400x300.jpeg 400w, http:\/\/radioluna.iesalbarregas.com\/wp-content\/uploads\/2024\/04\/Radio-3.jpeg 2000w\" sizes=\"(max-width: 1024px) 100vw, 1024px\" \/><\/a><\/figure>\n<\/figure>\n","protected":false},"excerpt":{"rendered":"<p>El Programa de Hermanamiento que el IES Albarregas comparte con el Lyc\u00e9e Delambre Montaigne de Amiens ha cobrado a\u00fan m\u00e1s vida este mes de abril. La semana del 15 al 19 de abril ha sido tremendamente emocionante y enriquecedora para &hellip; <a href=\"http:\/\/radioluna.iesalbarregas.com\/?p=2162\">Sigue leyendo <span class=\"meta-nav\">&rarr;<\/span><\/a><\/p>\n","protected":false},"author":2,"featured_media":0,"comment_status":"closed","ping_status":"closed","sticky":false,"template":"","format":"standard","meta":[],"categories":[139,9],"tags":[161,146],"_links":{"self":[{"href":"http:\/\/radioluna.iesalbarregas.com\/index.php?rest_route=\/wp\/v2\/posts\/2162"}],"collection":[{"href":"http:\/\/radioluna.iesalbarregas.com\/index.php?rest_route=\/wp\/v2\/posts"}],"about":[{"href":"http:\/\/radioluna.iesalbarregas.com\/index.php?rest_route=\/wp\/v2\/types\/post"}],"author":[{"embeddable":true,"href":"http:\/\/radioluna.iesalbarregas.com\/index.php?rest_route=\/wp\/v2\/users\/2"}],"replies":[{"embeddable":true,"href":"http:\/\/radioluna.iesalbarregas.com\/index.php?rest_route=%2Fwp%2Fv2%2Fcomments&post=2162"}],"version-history":[{"count":1,"href":"http:\/\/radioluna.iesalbarregas.com\/index.php?rest_route=\/wp\/v2\/posts\/2162\/revisions"}],"predecessor-version":[{"id":2167,"href":"http:\/\/radioluna.iesalbarregas.com\/index.php?rest_route=\/wp\/v2\/posts\/2162\/revisions\/2167"}],"wp:attachment":[{"href":"http:\/\/radioluna.iesalbarregas.com\/index.php?rest_route=%2Fwp%2Fv2%2Fmedia&parent=2162"}],"wp:term":[{"taxonomy":"category","embeddable":true,"href":"http:\/\/radioluna.iesalbarregas.com\/index.php?rest_route=%2Fwp%2Fv2%2Fcategories&post=2162"},{"taxonomy":"post_tag","embeddable":true,"href":"http:\/\/radioluna.iesalbarregas.com\/index.php?rest_route=%2Fwp%2Fv2%2Ftags&post=2162"}],"curies":[{"name":"wp","href":"https:\/\/api.w.org\/{rel}","templated":true}]}}