{"id":2157,"date":"2024-04-24T13:33:07","date_gmt":"2024-04-24T12:33:07","guid":{"rendered":"http:\/\/radioluna.iesalbarregas.com\/?p=2157"},"modified":"2024-04-24T13:33:07","modified_gmt":"2024-04-24T12:33:07","slug":"el-reflejo-en-el-rio","status":"publish","type":"post","link":"http:\/\/radioluna.iesalbarregas.com\/?p=2157","title":{"rendered":"EL REFLEJO EN EL R\u00cdO"},"content":{"rendered":"\n<figure class=\"wp-block-audio\"><audio controls src=\"http:\/\/radioluna.iesalbarregas.com\/wp-content\/uploads\/2024\/04\/2o-F-El-Reflejo-en-el-Rio.mp3\"><\/audio><figcaption>Con motivo de la Semana cultural 2024,\u00a0los alumnos de 2\u00ba ESO F del IES ALBARREGAS,\u00a0en una actividad de creaci\u00f3n literaria en clase de Lengua Castellana y Literatura con la profesora M\u00aa del Pilar Aradilla,\u00a0han escrito un breve relato bajo la modalidad de coautor\u00eda.\u00a0Es decir,\u00a0han participado todos y cada uno de ellos continuando la aportaci\u00f3n del anterior.\u00a0Ellos mismos han corregido el resultado y cuatro compa\u00f1eros,\u00a0en representaci\u00f3n del grupo,\u00a0han ido a la emisora del centro para grabarlo.\u00a0Estos son :<br>-Daniela Garc\u00eda Jim\u00e9nez<br>-Unai Garc\u00eda \u00c1valos<br>-Paula Vinagre Su\u00e1rez<br>-Claudia Serrano Calder\u00f3n<br><\/figcaption><\/figure>\n\n\n\n<figure class=\"wp-block-gallery has-nested-images columns-default is-cropped\">\n<figure class=\"wp-block-image size-large\"><a href=\"http:\/\/radioluna.iesalbarregas.com\/wp-content\/uploads\/2024\/04\/2\u00b0F-1-scaled.jpg\"><img loading=\"lazy\" width=\"1024\" height=\"1024\" data-id=\"2159\"  src=\"http:\/\/radioluna.iesalbarregas.com\/wp-content\/uploads\/2024\/04\/2\u00b0F-1-1024x1024.jpg\" alt=\"\" class=\"wp-image-2159\" srcset=\"http:\/\/radioluna.iesalbarregas.com\/wp-content\/uploads\/2024\/04\/2\u00b0F-1-1024x1024.jpg 1024w, http:\/\/radioluna.iesalbarregas.com\/wp-content\/uploads\/2024\/04\/2\u00b0F-1-300x300.jpg 300w, http:\/\/radioluna.iesalbarregas.com\/wp-content\/uploads\/2024\/04\/2\u00b0F-1-150x150.jpg 150w, http:\/\/radioluna.iesalbarregas.com\/wp-content\/uploads\/2024\/04\/2\u00b0F-1-768x768.jpg 768w, http:\/\/radioluna.iesalbarregas.com\/wp-content\/uploads\/2024\/04\/2\u00b0F-1-1536x1536.jpg 1536w, http:\/\/radioluna.iesalbarregas.com\/wp-content\/uploads\/2024\/04\/2\u00b0F-1-2048x2048.jpg 2048w\" sizes=\"(max-width: 1024px) 100vw, 1024px\" \/><\/a><\/figure>\n\n\n\n<figure class=\"wp-block-image size-large\"><a href=\"http:\/\/radioluna.iesalbarregas.com\/wp-content\/uploads\/2024\/04\/2\u00b0F-2-scaled.jpg\"><img loading=\"lazy\" width=\"1024\" height=\"1024\" data-id=\"2160\"  src=\"http:\/\/radioluna.iesalbarregas.com\/wp-content\/uploads\/2024\/04\/2\u00b0F-2-1024x1024.jpg\" alt=\"\" class=\"wp-image-2160\" srcset=\"http:\/\/radioluna.iesalbarregas.com\/wp-content\/uploads\/2024\/04\/2\u00b0F-2-1024x1024.jpg 1024w, http:\/\/radioluna.iesalbarregas.com\/wp-content\/uploads\/2024\/04\/2\u00b0F-2-300x300.jpg 300w, http:\/\/radioluna.iesalbarregas.com\/wp-content\/uploads\/2024\/04\/2\u00b0F-2-150x150.jpg 150w, http:\/\/radioluna.iesalbarregas.com\/wp-content\/uploads\/2024\/04\/2\u00b0F-2-768x768.jpg 768w, http:\/\/radioluna.iesalbarregas.com\/wp-content\/uploads\/2024\/04\/2\u00b0F-2-1536x1536.jpg 1536w, http:\/\/radioluna.iesalbarregas.com\/wp-content\/uploads\/2024\/04\/2\u00b0F-2-2048x2048.jpg 2048w\" sizes=\"(max-width: 1024px) 100vw, 1024px\" \/><\/a><\/figure>\n<\/figure>\n","protected":false},"excerpt":{"rendered":"","protected":false},"author":2,"featured_media":0,"comment_status":"closed","ping_status":"closed","sticky":false,"template":"","format":"standard","meta":[],"categories":[9],"tags":[159,146],"_links":{"self":[{"href":"http:\/\/radioluna.iesalbarregas.com\/index.php?rest_route=\/wp\/v2\/posts\/2157"}],"collection":[{"href":"http:\/\/radioluna.iesalbarregas.com\/index.php?rest_route=\/wp\/v2\/posts"}],"about":[{"href":"http:\/\/radioluna.iesalbarregas.com\/index.php?rest_route=\/wp\/v2\/types\/post"}],"author":[{"embeddable":true,"href":"http:\/\/radioluna.iesalbarregas.com\/index.php?rest_route=\/wp\/v2\/users\/2"}],"replies":[{"embeddable":true,"href":"http:\/\/radioluna.iesalbarregas.com\/index.php?rest_route=%2Fwp%2Fv2%2Fcomments&post=2157"}],"version-history":[{"count":1,"href":"http:\/\/radioluna.iesalbarregas.com\/index.php?rest_route=\/wp\/v2\/posts\/2157\/revisions"}],"predecessor-version":[{"id":2161,"href":"http:\/\/radioluna.iesalbarregas.com\/index.php?rest_route=\/wp\/v2\/posts\/2157\/revisions\/2161"}],"wp:attachment":[{"href":"http:\/\/radioluna.iesalbarregas.com\/index.php?rest_route=%2Fwp%2Fv2%2Fmedia&parent=2157"}],"wp:term":[{"taxonomy":"category","embeddable":true,"href":"http:\/\/radioluna.iesalbarregas.com\/index.php?rest_route=%2Fwp%2Fv2%2Fcategories&post=2157"},{"taxonomy":"post_tag","embeddable":true,"href":"http:\/\/radioluna.iesalbarregas.com\/index.php?rest_route=%2Fwp%2Fv2%2Ftags&post=2157"}],"curies":[{"name":"wp","href":"https:\/\/api.w.org\/{rel}","templated":true}]}}