{"id":2145,"date":"2024-04-24T08:21:06","date_gmt":"2024-04-24T07:21:06","guid":{"rendered":"http:\/\/radioluna.iesalbarregas.com\/?p=2145"},"modified":"2024-04-24T08:25:28","modified_gmt":"2024-04-24T07:25:28","slug":"i-jornada-fp-dual-merida-y-comarca","status":"publish","type":"post","link":"http:\/\/radioluna.iesalbarregas.com\/?p=2145","title":{"rendered":"I JORNADA FP DUAL M\u00c9RIDA Y COMARCA"},"content":{"rendered":"\n<p><\/p>\n\n\n\n<p>M\u00e9rida, 17 de abril de 2024 &#8211; El Centro de Profesores y Recursos (CPR) de la localidad ha sido el epicentro de un evento trascendental para la educaci\u00f3n y el desarrollo econ\u00f3mico de la regi\u00f3n. Las I Jornadas de Formaci\u00f3n Profesional Dual, organizadas por el Instituto Albarregas de M\u00e9rida, han congregado a multitud de alumnado marcando un hito en la promoci\u00f3n de esta modalidad formativa. Durante una jornada intensa, representantes de diferentes centros educativos de la comarca (IES Em\u00e9rita Augusta, Escuela de Arte y Superior de Dise\u00f1o, IES Extremadura, EFA Guadaljuc\u00e9n, IES S\u00e1enz de Buruaga, IES Santa Eulalia, IES Tierra Blanca, IES Vegas Bajas e IES Albarregas) han exhibido su oferta educativa, destacando la importancia de la Formaci\u00f3n Profesional como una v\u00eda s\u00f3lida hacia el empleo y el crecimiento personal. Los asistentes han tenido la oportunidad de explorar una amplia gama de programas de FP Dual, dise\u00f1ados para brindar a los estudiantes habilidades pr\u00e1cticas y conocimientos especializados, al tiempo que establecen conexiones directas con el mundo empresarial, y han sido part\u00edcipes de primera mano de la importancia de la pr\u00e1ctica en la labor empresarial en la multitud de talleres realizados. El equipo de RadioAFI ha asistido representando al Ciclo Formativo de Grado Superior de Administraci\u00f3n y Finanzas del IES Albarregas de M\u00e9rida y, por supuesto, han entrevistado a alumn@s, docentes y empresarios.<\/p>\n\n\n\n<p><a rel=\"noreferrer noopener\" href=\"https:\/\/www.youtube.com\/hashtag\/fpdual\" target=\"_blank\">#fpdual<\/a>&nbsp;<a rel=\"noreferrer noopener\" href=\"https:\/\/www.youtube.com\/hashtag\/m%C3%A9rida\" target=\"_blank\">#m\u00e9rida<\/a>&nbsp;<a rel=\"noreferrer noopener\" href=\"https:\/\/www.youtube.com\/hashtag\/cprm%C3%A9rida\" target=\"_blank\">#cprm\u00e9rida<\/a>&nbsp;<a rel=\"noreferrer noopener\" href=\"https:\/\/www.youtube.com\/hashtag\/iesalbarregas\" target=\"_blank\">#iesalbarregas<\/a>&nbsp;<a rel=\"noreferrer noopener\" href=\"https:\/\/www.youtube.com\/hashtag\/radioafi\" target=\"_blank\">#radioafi<\/a>&nbsp;<a rel=\"noreferrer noopener\" href=\"https:\/\/www.youtube.com\/hashtag\/radioedu\" target=\"_blank\">#radioedu<\/a>&nbsp;<a rel=\"noreferrer noopener\" href=\"https:\/\/www.youtube.com\/hashtag\/radioluna\" target=\"_blank\">#radioluna<\/a>&nbsp;<a rel=\"noreferrer noopener\" href=\"https:\/\/www.youtube.com\/hashtag\/jornadas\" target=\"_blank\">#jornadas<\/a><\/p>\n\n\n\n<figure class=\"wp-block-embed is-type-video is-provider-youtube wp-block-embed-youtube wp-embed-aspect-16-9 wp-has-aspect-ratio\"><div class=\"wp-block-embed__wrapper\">\n<iframe loading=\"lazy\" title=\"I JORNADAS DE FP DUAL DE LA COMARCA DE M\u00c9RIDA\" width=\"584\" height=\"329\" src=\"https:\/\/www.youtube.com\/embed\/SMN4aNmwgUE?feature=oembed\" frameborder=\"0\" allow=\"accelerometer; autoplay; clipboard-write; encrypted-media; gyroscope; picture-in-picture; web-share\" referrerpolicy=\"strict-origin-when-cross-origin\" allowfullscreen><\/iframe>\n<\/div><\/figure>\n\n\n\n<p><\/p>\n\n\n\n<figure class=\"wp-block-image size-large\"><a href=\"http:\/\/radioluna.iesalbarregas.com\/wp-content\/uploads\/2024\/04\/20240417_095814-scaled.jpg\"><img loading=\"lazy\" width=\"1024\" height=\"768\" src=\"http:\/\/radioluna.iesalbarregas.com\/wp-content\/uploads\/2024\/04\/20240417_095814-1024x768.jpg\" alt=\"\" class=\"wp-image-2148\" srcset=\"http:\/\/radioluna.iesalbarregas.com\/wp-content\/uploads\/2024\/04\/20240417_095814-1024x768.jpg 1024w, http:\/\/radioluna.iesalbarregas.com\/wp-content\/uploads\/2024\/04\/20240417_095814-300x225.jpg 300w, http:\/\/radioluna.iesalbarregas.com\/wp-content\/uploads\/2024\/04\/20240417_095814-768x576.jpg 768w, http:\/\/radioluna.iesalbarregas.com\/wp-content\/uploads\/2024\/04\/20240417_095814-1536x1152.jpg 1536w, http:\/\/radioluna.iesalbarregas.com\/wp-content\/uploads\/2024\/04\/20240417_095814-2048x1536.jpg 2048w, http:\/\/radioluna.iesalbarregas.com\/wp-content\/uploads\/2024\/04\/20240417_095814-400x300.jpg 400w\" sizes=\"(max-width: 1024px) 100vw, 1024px\" \/><\/a><\/figure>\n\n\n\n<figure class=\"wp-block-gallery has-nested-images columns-default is-cropped\">\n<figure class=\"wp-block-image size-large\"><a href=\"http:\/\/radioluna.iesalbarregas.com\/wp-content\/uploads\/2024\/04\/Copia_de_Cartel_2_JORNADA_1.jpg\"><img loading=\"lazy\" width=\"724\" height=\"1024\" data-id=\"2147\"  src=\"http:\/\/radioluna.iesalbarregas.com\/wp-content\/uploads\/2024\/04\/Copia_de_Cartel_2_JORNADA_1-724x1024.jpg\" alt=\"\" class=\"wp-image-2147\" srcset=\"http:\/\/radioluna.iesalbarregas.com\/wp-content\/uploads\/2024\/04\/Copia_de_Cartel_2_JORNADA_1-724x1024.jpg 724w, http:\/\/radioluna.iesalbarregas.com\/wp-content\/uploads\/2024\/04\/Copia_de_Cartel_2_JORNADA_1-212x300.jpg 212w, http:\/\/radioluna.iesalbarregas.com\/wp-content\/uploads\/2024\/04\/Copia_de_Cartel_2_JORNADA_1-768x1086.jpg 768w, http:\/\/radioluna.iesalbarregas.com\/wp-content\/uploads\/2024\/04\/Copia_de_Cartel_2_JORNADA_1-1086x1536.jpg 1086w, http:\/\/radioluna.iesalbarregas.com\/wp-content\/uploads\/2024\/04\/Copia_de_Cartel_2_JORNADA_1.jpg 1414w\" sizes=\"(max-width: 724px) 100vw, 724px\" \/><\/a><\/figure>\n<\/figure>\n","protected":false},"excerpt":{"rendered":"<p>M\u00e9rida, 17 de abril de 2024 &#8211; El Centro de Profesores y Recursos (CPR) de la localidad ha sido el epicentro de un evento trascendental para la educaci\u00f3n y el desarrollo econ\u00f3mico de la regi\u00f3n. Las I Jornadas de Formaci\u00f3n &hellip; <a href=\"http:\/\/radioluna.iesalbarregas.com\/?p=2145\">Sigue leyendo <span class=\"meta-nav\">&rarr;<\/span><\/a><\/p>\n","protected":false},"author":2,"featured_media":0,"comment_status":"closed","ping_status":"closed","sticky":false,"template":"","format":"standard","meta":[],"categories":[9,44],"tags":[145,146],"_links":{"self":[{"href":"http:\/\/radioluna.iesalbarregas.com\/index.php?rest_route=\/wp\/v2\/posts\/2145"}],"collection":[{"href":"http:\/\/radioluna.iesalbarregas.com\/index.php?rest_route=\/wp\/v2\/posts"}],"about":[{"href":"http:\/\/radioluna.iesalbarregas.com\/index.php?rest_route=\/wp\/v2\/types\/post"}],"author":[{"embeddable":true,"href":"http:\/\/radioluna.iesalbarregas.com\/index.php?rest_route=\/wp\/v2\/users\/2"}],"replies":[{"embeddable":true,"href":"http:\/\/radioluna.iesalbarregas.com\/index.php?rest_route=%2Fwp%2Fv2%2Fcomments&post=2145"}],"version-history":[{"count":3,"href":"http:\/\/radioluna.iesalbarregas.com\/index.php?rest_route=\/wp\/v2\/posts\/2145\/revisions"}],"predecessor-version":[{"id":2150,"href":"http:\/\/radioluna.iesalbarregas.com\/index.php?rest_route=\/wp\/v2\/posts\/2145\/revisions\/2150"}],"wp:attachment":[{"href":"http:\/\/radioluna.iesalbarregas.com\/index.php?rest_route=%2Fwp%2Fv2%2Fmedia&parent=2145"}],"wp:term":[{"taxonomy":"category","embeddable":true,"href":"http:\/\/radioluna.iesalbarregas.com\/index.php?rest_route=%2Fwp%2Fv2%2Fcategories&post=2145"},{"taxonomy":"post_tag","embeddable":true,"href":"http:\/\/radioluna.iesalbarregas.com\/index.php?rest_route=%2Fwp%2Fv2%2Ftags&post=2145"}],"curies":[{"name":"wp","href":"https:\/\/api.w.org\/{rel}","templated":true}]}}