{"id":213,"date":"2017-05-07T18:13:57","date_gmt":"2017-05-07T17:13:57","guid":{"rendered":"http:\/\/radioluna.iesalbarregas.com\/?p=213"},"modified":"2020-04-05T12:30:15","modified_gmt":"2020-04-05T11:30:15","slug":"programa-17-nos-desplazamos-al-cp-f-giner-de-los-rios","status":"publish","type":"post","link":"http:\/\/radioluna.iesalbarregas.com\/?p=213","title":{"rendered":"Programa 17. Nos desplazamos al CP F. Giner de los R\u00edos"},"content":{"rendered":"<p style=\"text-align: justify;\">En el marco de las <em><strong>I Jornadas Regionales de Radio Educativa de Extremadura<\/strong><\/em>, RadioLuna se desplaz\u00f3 al Colegio Fco. Giner de los R\u00edos de M\u00e9rida, donde se realizaba el programa <em><strong>Zona cero<\/strong><\/em> de <em><strong>RadioEdu<\/strong><\/em>, de la Consejer\u00eda de Educaci\u00f3n y Empleo de la Junta de Extremadura.<br \/>\nFueron muchos los alumnos de centros educativos con radio los que all\u00ed estuvieron realizando entrevistas (a la consejera de Educaci\u00f3n y Empleo, Esther Guti\u00e9rrez) y programas variados&#8230; Aqu\u00ed os contamos un resumen.<br \/>\nDamos especialmente las gracias a <em><strong>Chepe<\/strong><\/em>, por su entusiasmo y buen hacer en el impulso de la radio en los centros educativos de Extremadura.<br \/>\nVer\u00e9is que hay nueva incorporaci\u00f3n al equipo de RadioLuna y que en la rotulaci\u00f3n&#8230; hemos intentado innovar. Como siempre, pod\u00e9is verlo en la secci\u00f3n \u00ab<span style=\"color: #ff6600;\"><a style=\"color: #ff6600;\" href=\"http:\/\/radioluna.iesalbarregas.com\/?page_id=2\"><em><strong>Programas emitidos<\/strong><\/em><\/a><\/span>\u00ab.<\/p>\n","protected":false},"excerpt":{"rendered":"<p>En el marco de las I Jornadas Regionales de Radio Educativa de Extremadura, RadioLuna se desplaz\u00f3 al Colegio Fco. Giner de los R\u00edos de M\u00e9rida, donde se realizaba el programa Zona cero de RadioEdu, de la Consejer\u00eda de Educaci\u00f3n y &hellip; <a href=\"http:\/\/radioluna.iesalbarregas.com\/?p=213\">Sigue leyendo <span class=\"meta-nav\">&rarr;<\/span><\/a><\/p>\n","protected":false},"author":1,"featured_media":0,"comment_status":"open","ping_status":"open","sticky":false,"template":"","format":"standard","meta":[],"categories":[44],"tags":[],"_links":{"self":[{"href":"http:\/\/radioluna.iesalbarregas.com\/index.php?rest_route=\/wp\/v2\/posts\/213"}],"collection":[{"href":"http:\/\/radioluna.iesalbarregas.com\/index.php?rest_route=\/wp\/v2\/posts"}],"about":[{"href":"http:\/\/radioluna.iesalbarregas.com\/index.php?rest_route=\/wp\/v2\/types\/post"}],"author":[{"embeddable":true,"href":"http:\/\/radioluna.iesalbarregas.com\/index.php?rest_route=\/wp\/v2\/users\/1"}],"replies":[{"embeddable":true,"href":"http:\/\/radioluna.iesalbarregas.com\/index.php?rest_route=%2Fwp%2Fv2%2Fcomments&post=213"}],"version-history":[{"count":4,"href":"http:\/\/radioluna.iesalbarregas.com\/index.php?rest_route=\/wp\/v2\/posts\/213\/revisions"}],"predecessor-version":[{"id":217,"href":"http:\/\/radioluna.iesalbarregas.com\/index.php?rest_route=\/wp\/v2\/posts\/213\/revisions\/217"}],"wp:attachment":[{"href":"http:\/\/radioluna.iesalbarregas.com\/index.php?rest_route=%2Fwp%2Fv2%2Fmedia&parent=213"}],"wp:term":[{"taxonomy":"category","embeddable":true,"href":"http:\/\/radioluna.iesalbarregas.com\/index.php?rest_route=%2Fwp%2Fv2%2Fcategories&post=213"},{"taxonomy":"post_tag","embeddable":true,"href":"http:\/\/radioluna.iesalbarregas.com\/index.php?rest_route=%2Fwp%2Fv2%2Ftags&post=213"}],"curies":[{"name":"wp","href":"https:\/\/api.w.org\/{rel}","templated":true}]}}