{"id":2127,"date":"2024-03-11T11:05:43","date_gmt":"2024-03-11T10:05:43","guid":{"rendered":"http:\/\/radioluna.iesalbarregas.com\/?p=2127"},"modified":"2024-03-11T11:05:43","modified_gmt":"2024-03-11T10:05:43","slug":"8m-entrevista-a-las-empresarias-extremenas-nuria-delgado-y-susana-gallardo","status":"publish","type":"post","link":"http:\/\/radioluna.iesalbarregas.com\/?p=2127","title":{"rendered":"8M &#8211; Entrevista a las empresarias extreme\u00f1as Nuria Delgado y Susana Gallardo"},"content":{"rendered":"\n<p>Por el D\u00eda Internacional de la Mujer, el equipo de RadioAFI junto al Aula de Emprendimiento del IES Albarregas han entrevistado a las empresarias extreme\u00f1as Nuria Delgado y Susana Gallardo. Dos referentes como mujeres emprendedoras. \u00a1\u00a1Much\u00edsimas gracias por vuestro tiempo y pasi\u00f3n!! Y felicidades tambi\u00e9n a Bel\u00e9n y Samantha, presentadoras de este podcast. \u00a1\u00a1Lo han hecho de 10!! \u00a1\u00a1Esperamos que os guste!!<\/p>\n\n\n\n<figure class=\"wp-block-embed is-type-video is-provider-youtube wp-block-embed-youtube wp-embed-aspect-16-9 wp-has-aspect-ratio\"><div class=\"wp-block-embed__wrapper\">\n<iframe loading=\"lazy\" title=\"8M - Entrevista a las empresarias extreme\u00f1as Nuria Delgado y Susana Gallardo\" width=\"584\" height=\"329\" src=\"https:\/\/www.youtube.com\/embed\/BssQJfy45bQ?feature=oembed\" frameborder=\"0\" allow=\"accelerometer; autoplay; clipboard-write; encrypted-media; gyroscope; picture-in-picture; web-share\" allowfullscreen><\/iframe>\n<\/div><\/figure>\n\n\n\n<p><a href=\"https:\/\/www.youtube.com\/hashtag\/8m\" target=\"_blank\" rel=\"noreferrer noopener\">#8M<\/a> <a href=\"https:\/\/www.youtube.com\/hashtag\/d%C3%ADadelamujer\" target=\"_blank\" rel=\"noreferrer noopener\">#d\u00edadelamujer<\/a> <a href=\"https:\/\/www.youtube.com\/hashtag\/administraci%C3%B3nyfinanzas\" target=\"_blank\" rel=\"noreferrer noopener\">#administraci\u00f3nyfinanzas<\/a> <a href=\"https:\/\/www.youtube.com\/hashtag\/auladeemprendimiento\" target=\"_blank\" rel=\"noreferrer noopener\">#auladeemprendimiento<\/a> <a href=\"https:\/\/www.youtube.com\/hashtag\/iesalbarregas\" target=\"_blank\" rel=\"noreferrer noopener\">#iesalbarregas<\/a> <a href=\"https:\/\/www.youtube.com\/hashtag\/emprender\" target=\"_blank\" rel=\"noreferrer noopener\">#emprender<\/a> <a href=\"https:\/\/www.youtube.com\/hashtag\/empresarias\" target=\"_blank\" rel=\"noreferrer noopener\">#empresarias<\/a> <a href=\"https:\/\/www.youtube.com\/hashtag\/radioedu\" target=\"_blank\" rel=\"noreferrer noopener\">#radioedu<\/a> <a href=\"https:\/\/www.youtube.com\/hashtag\/radioluna\" target=\"_blank\" rel=\"noreferrer noopener\">#radioluna<\/a> <a href=\"https:\/\/www.youtube.com\/hashtag\/radioafi\" target=\"_blank\" rel=\"noreferrer noopener\">#radioafi<\/a> <a href=\"https:\/\/www.youtube.com\/hashtag\/m%C3%A9rida\" target=\"_blank\" rel=\"noreferrer noopener\">#M\u00e9rida<\/a> <a href=\"https:\/\/www.youtube.com\/hashtag\/podcast\" target=\"_blank\" rel=\"noreferrer noopener\">#podcast<\/a><\/p>\n\n\n\n<figure class=\"wp-block-gallery has-nested-images columns-default is-cropped\">\n<figure class=\"wp-block-image size-large\"><a href=\"http:\/\/radioluna.iesalbarregas.com\/wp-content\/uploads\/2024\/03\/8M_Nuria.jpg\"><img loading=\"lazy\" width=\"1024\" height=\"576\" data-id=\"2128\"  src=\"http:\/\/radioluna.iesalbarregas.com\/wp-content\/uploads\/2024\/03\/8M_Nuria-1024x576.jpg\" alt=\"\" class=\"wp-image-2128\" srcset=\"http:\/\/radioluna.iesalbarregas.com\/wp-content\/uploads\/2024\/03\/8M_Nuria-1024x576.jpg 1024w, http:\/\/radioluna.iesalbarregas.com\/wp-content\/uploads\/2024\/03\/8M_Nuria-300x169.jpg 300w, http:\/\/radioluna.iesalbarregas.com\/wp-content\/uploads\/2024\/03\/8M_Nuria-768x432.jpg 768w, http:\/\/radioluna.iesalbarregas.com\/wp-content\/uploads\/2024\/03\/8M_Nuria-1536x864.jpg 1536w, http:\/\/radioluna.iesalbarregas.com\/wp-content\/uploads\/2024\/03\/8M_Nuria-500x281.jpg 500w, http:\/\/radioluna.iesalbarregas.com\/wp-content\/uploads\/2024\/03\/8M_Nuria.jpg 1920w\" sizes=\"(max-width: 1024px) 100vw, 1024px\" \/><\/a><\/figure>\n\n\n\n<figure class=\"wp-block-image size-large\"><a href=\"http:\/\/radioluna.iesalbarregas.com\/wp-content\/uploads\/2024\/03\/8M___Susana.png\"><img loading=\"lazy\" width=\"1024\" height=\"508\" data-id=\"2129\"  src=\"http:\/\/radioluna.iesalbarregas.com\/wp-content\/uploads\/2024\/03\/8M___Susana-1024x508.png\" alt=\"\" class=\"wp-image-2129\" srcset=\"http:\/\/radioluna.iesalbarregas.com\/wp-content\/uploads\/2024\/03\/8M___Susana-1024x508.png 1024w, http:\/\/radioluna.iesalbarregas.com\/wp-content\/uploads\/2024\/03\/8M___Susana-300x149.png 300w, http:\/\/radioluna.iesalbarregas.com\/wp-content\/uploads\/2024\/03\/8M___Susana-768x381.png 768w, http:\/\/radioluna.iesalbarregas.com\/wp-content\/uploads\/2024\/03\/8M___Susana-500x248.png 500w, http:\/\/radioluna.iesalbarregas.com\/wp-content\/uploads\/2024\/03\/8M___Susana.png 1207w\" sizes=\"(max-width: 1024px) 100vw, 1024px\" \/><\/a><\/figure>\n<\/figure>\n","protected":false},"excerpt":{"rendered":"<p>Por el D\u00eda Internacional de la Mujer, el equipo de RadioAFI junto al Aula de Emprendimiento del IES Albarregas han entrevistado a las empresarias extreme\u00f1as Nuria Delgado y Susana Gallardo. Dos referentes como mujeres emprendedoras. \u00a1\u00a1Much\u00edsimas gracias por vuestro tiempo &hellip; <a href=\"http:\/\/radioluna.iesalbarregas.com\/?p=2127\">Sigue leyendo <span class=\"meta-nav\">&rarr;<\/span><\/a><\/p>\n","protected":false},"author":2,"featured_media":0,"comment_status":"closed","ping_status":"closed","sticky":false,"template":"","format":"standard","meta":[],"categories":[9,44],"tags":[122,146],"_links":{"self":[{"href":"http:\/\/radioluna.iesalbarregas.com\/index.php?rest_route=\/wp\/v2\/posts\/2127"}],"collection":[{"href":"http:\/\/radioluna.iesalbarregas.com\/index.php?rest_route=\/wp\/v2\/posts"}],"about":[{"href":"http:\/\/radioluna.iesalbarregas.com\/index.php?rest_route=\/wp\/v2\/types\/post"}],"author":[{"embeddable":true,"href":"http:\/\/radioluna.iesalbarregas.com\/index.php?rest_route=\/wp\/v2\/users\/2"}],"replies":[{"embeddable":true,"href":"http:\/\/radioluna.iesalbarregas.com\/index.php?rest_route=%2Fwp%2Fv2%2Fcomments&post=2127"}],"version-history":[{"count":1,"href":"http:\/\/radioluna.iesalbarregas.com\/index.php?rest_route=\/wp\/v2\/posts\/2127\/revisions"}],"predecessor-version":[{"id":2130,"href":"http:\/\/radioluna.iesalbarregas.com\/index.php?rest_route=\/wp\/v2\/posts\/2127\/revisions\/2130"}],"wp:attachment":[{"href":"http:\/\/radioluna.iesalbarregas.com\/index.php?rest_route=%2Fwp%2Fv2%2Fmedia&parent=2127"}],"wp:term":[{"taxonomy":"category","embeddable":true,"href":"http:\/\/radioluna.iesalbarregas.com\/index.php?rest_route=%2Fwp%2Fv2%2Fcategories&post=2127"},{"taxonomy":"post_tag","embeddable":true,"href":"http:\/\/radioluna.iesalbarregas.com\/index.php?rest_route=%2Fwp%2Fv2%2Ftags&post=2127"}],"curies":[{"name":"wp","href":"https:\/\/api.w.org\/{rel}","templated":true}]}}