{"id":2079,"date":"2024-02-29T12:59:07","date_gmt":"2024-02-29T11:59:07","guid":{"rendered":"http:\/\/radioluna.iesalbarregas.com\/?p=2079"},"modified":"2024-02-29T13:00:52","modified_gmt":"2024-02-29T12:00:52","slug":"jornada-de-tiro-con-arco","status":"publish","type":"post","link":"http:\/\/radioluna.iesalbarregas.com\/?p=2079","title":{"rendered":"JORNADA DE TIRO CON ARCO"},"content":{"rendered":"\n<figure class=\"wp-block-audio\"><audio controls src=\"http:\/\/radioluna.iesalbarregas.com\/wp-content\/uploads\/2024\/02\/Arco.mp3\"><\/audio><\/figure>\n\n\n\n<p>\u00abEl d\u00eda jueves 22 de febrero,&nbsp;gracias al programa educativo PROADES en su modalidad \u201cConoce mi Deporte\u201d,&nbsp;se ha llevado a cabo una jornada te\u00f3rico pr\u00e1ctica sobre el deporte del Tiro con Arco en las instalaciones deportivas de nuestro centro educativo.<\/p>\n\n\n\n<p>Dicha jornada fue dirigida y desarrollada por Pedro Antonio Fern\u00e1ndez,&nbsp;t\u00e9cnico deportivo de la FEXTA (Federaci\u00f3n Extreme\u00f1a de Tiro con Arco),&nbsp;que adem\u00e1s de dedicarse a la ense\u00f1anza y promoci\u00f3n de dicho deporte,&nbsp;ha sido y es competidor en diferentes disciplinas de tiro con arco con un gran palmar\u00e9s profesional.<\/p>\n\n\n\n<p>La actividad se desarroll\u00f3 en el pabell\u00f3n polideportivo con dos grupos diferentes de 1\u00ba de la ESO,&nbsp;y tuvo una duraci\u00f3n de 1 hora con cada grupo.<\/p>\n\n\n\n<p>El objetivo principal es acercar al alumnado a este deporte desconocido por la mayor\u00eda y que realicen una pr\u00e1ctica real del mismo.<\/p>\n\n\n\n<p>&nbsp;&nbsp;&nbsp;&nbsp;&nbsp;&nbsp;&nbsp;&nbsp;&nbsp;&nbsp;&nbsp;&nbsp;Los puntos te\u00f3rico pr\u00e1cticos tratados durante la ponencia fueron:&nbsp;Definici\u00f3n del arco como instrumento \/&nbsp;deporte de competici\u00f3n,&nbsp;modalidades de competici\u00f3n,&nbsp;tipolog\u00eda de arcos y flechas,&nbsp;sujeci\u00f3n o agarre del arco,&nbsp;medidas \/&nbsp;instrumentos de seguridad,&nbsp;posici\u00f3n corporal para la ejecuci\u00f3n del tiro,&nbsp;trabajo de la secuencia de tiro,&nbsp;y como parte final,&nbsp;la m\u00e1s motivante,&nbsp;pr\u00e1ctica de tiro real a una diana de competici\u00f3n y diversos objetos.<\/p>\n\n\n\n<p>La jornada concluy\u00f3 con una entrevista en \u201cRadio Luna\u201d.&nbsp;Cuatro de los alumnos asistentes en la actividad le hicieron una serie de preguntas al ponente sobre sus experiencias,&nbsp;vivencias y an\u00e9cdotas deportivas y sobre la finalidad y objetivos que persigue el proyecto que difunde a nivel educativo en distintos centros escolares de Extremadura.\u00bb<\/p>\n\n\n\n<figure class=\"wp-block-gallery has-nested-images columns-default is-cropped\">\n<figure class=\"wp-block-image size-large\"><a href=\"http:\/\/radioluna.iesalbarregas.com\/wp-content\/uploads\/2024\/02\/Tato-Arco-2-scaled.jpg\"><img loading=\"lazy\" width=\"1024\" height=\"1024\" data-id=\"2081\"  src=\"http:\/\/radioluna.iesalbarregas.com\/wp-content\/uploads\/2024\/02\/Tato-Arco-2-1024x1024.jpg\" alt=\"\" class=\"wp-image-2081\" srcset=\"http:\/\/radioluna.iesalbarregas.com\/wp-content\/uploads\/2024\/02\/Tato-Arco-2-1024x1024.jpg 1024w, http:\/\/radioluna.iesalbarregas.com\/wp-content\/uploads\/2024\/02\/Tato-Arco-2-300x300.jpg 300w, http:\/\/radioluna.iesalbarregas.com\/wp-content\/uploads\/2024\/02\/Tato-Arco-2-150x150.jpg 150w, http:\/\/radioluna.iesalbarregas.com\/wp-content\/uploads\/2024\/02\/Tato-Arco-2-768x768.jpg 768w, http:\/\/radioluna.iesalbarregas.com\/wp-content\/uploads\/2024\/02\/Tato-Arco-2-1536x1536.jpg 1536w, http:\/\/radioluna.iesalbarregas.com\/wp-content\/uploads\/2024\/02\/Tato-Arco-2-2048x2048.jpg 2048w\" sizes=\"(max-width: 1024px) 100vw, 1024px\" \/><\/a><\/figure>\n\n\n\n<figure class=\"wp-block-image size-large\"><a href=\"http:\/\/radioluna.iesalbarregas.com\/wp-content\/uploads\/2024\/02\/Tato-Arco-1-scaled.jpg\"><img loading=\"lazy\" width=\"1024\" height=\"1024\" data-id=\"2082\"  src=\"http:\/\/radioluna.iesalbarregas.com\/wp-content\/uploads\/2024\/02\/Tato-Arco-1-1024x1024.jpg\" alt=\"\" class=\"wp-image-2082\" srcset=\"http:\/\/radioluna.iesalbarregas.com\/wp-content\/uploads\/2024\/02\/Tato-Arco-1-1024x1024.jpg 1024w, http:\/\/radioluna.iesalbarregas.com\/wp-content\/uploads\/2024\/02\/Tato-Arco-1-300x300.jpg 300w, http:\/\/radioluna.iesalbarregas.com\/wp-content\/uploads\/2024\/02\/Tato-Arco-1-150x150.jpg 150w, http:\/\/radioluna.iesalbarregas.com\/wp-content\/uploads\/2024\/02\/Tato-Arco-1-768x768.jpg 768w, http:\/\/radioluna.iesalbarregas.com\/wp-content\/uploads\/2024\/02\/Tato-Arco-1-1536x1536.jpg 1536w, http:\/\/radioluna.iesalbarregas.com\/wp-content\/uploads\/2024\/02\/Tato-Arco-1-2048x2048.jpg 2048w\" sizes=\"(max-width: 1024px) 100vw, 1024px\" \/><\/a><\/figure>\n<\/figure>\n","protected":false},"excerpt":{"rendered":"<p>\u00abEl d\u00eda jueves 22 de febrero,&nbsp;gracias al programa educativo PROADES en su modalidad \u201cConoce mi Deporte\u201d,&nbsp;se ha llevado a cabo una jornada te\u00f3rico pr\u00e1ctica sobre el deporte del Tiro con Arco en las instalaciones deportivas de nuestro centro educativo. Dicha &hellip; <a href=\"http:\/\/radioluna.iesalbarregas.com\/?p=2079\">Sigue leyendo <span class=\"meta-nav\">&rarr;<\/span><\/a><\/p>\n","protected":false},"author":2,"featured_media":0,"comment_status":"closed","ping_status":"closed","sticky":false,"template":"","format":"standard","meta":[],"categories":[9],"tags":[146,147],"_links":{"self":[{"href":"http:\/\/radioluna.iesalbarregas.com\/index.php?rest_route=\/wp\/v2\/posts\/2079"}],"collection":[{"href":"http:\/\/radioluna.iesalbarregas.com\/index.php?rest_route=\/wp\/v2\/posts"}],"about":[{"href":"http:\/\/radioluna.iesalbarregas.com\/index.php?rest_route=\/wp\/v2\/types\/post"}],"author":[{"embeddable":true,"href":"http:\/\/radioluna.iesalbarregas.com\/index.php?rest_route=\/wp\/v2\/users\/2"}],"replies":[{"embeddable":true,"href":"http:\/\/radioluna.iesalbarregas.com\/index.php?rest_route=%2Fwp%2Fv2%2Fcomments&post=2079"}],"version-history":[{"count":2,"href":"http:\/\/radioluna.iesalbarregas.com\/index.php?rest_route=\/wp\/v2\/posts\/2079\/revisions"}],"predecessor-version":[{"id":2085,"href":"http:\/\/radioluna.iesalbarregas.com\/index.php?rest_route=\/wp\/v2\/posts\/2079\/revisions\/2085"}],"wp:attachment":[{"href":"http:\/\/radioluna.iesalbarregas.com\/index.php?rest_route=%2Fwp%2Fv2%2Fmedia&parent=2079"}],"wp:term":[{"taxonomy":"category","embeddable":true,"href":"http:\/\/radioluna.iesalbarregas.com\/index.php?rest_route=%2Fwp%2Fv2%2Fcategories&post=2079"},{"taxonomy":"post_tag","embeddable":true,"href":"http:\/\/radioluna.iesalbarregas.com\/index.php?rest_route=%2Fwp%2Fv2%2Ftags&post=2079"}],"curies":[{"name":"wp","href":"https:\/\/api.w.org\/{rel}","templated":true}]}}