{"id":2075,"date":"2024-02-27T13:43:13","date_gmt":"2024-02-27T12:43:13","guid":{"rendered":"http:\/\/radioluna.iesalbarregas.com\/?p=2075"},"modified":"2024-02-27T13:43:13","modified_gmt":"2024-02-27T12:43:13","slug":"dia-internacional-de-la-mujer-y-la-nina-en-la-ciencia","status":"publish","type":"post","link":"http:\/\/radioluna.iesalbarregas.com\/?p=2075","title":{"rendered":"D\u00cdA INTERNACIONAL DE LA MUJER Y LA NI\u00d1A EN LA CIENCIA"},"content":{"rendered":"\n<figure class=\"wp-block-audio\"><audio controls src=\"http:\/\/radioluna.iesalbarregas.com\/wp-content\/uploads\/2024\/02\/Mujer-en-la-Ciencia.mp3\"><\/audio><\/figure>\n\n\n\n<p>En el IES Albarregas estenemos muchos compromisos.\u00a0Uno de ellos es con la promoci\u00f3n del acceso pleno y equitativo a la ciencia y reconocer el papel de la mujeres en la ciencia,\u00a0la tecnolog\u00eda,\u00a0la ingenier\u00eda y las matem\u00e1ticas.\u00a0Un a\u00f1o m\u00e1s hemos celebrado el D\u00eda Internacional de la Mujer y la Ni\u00f1a en la Ciencia y nuestros alumnos\/as de 1\u00ba y 2\u00ba D,\u00a0Victor Hern\u00e1ndez,\u00a0Alejandro Romero,\u00a0Laura Guill\u00e9n y Mara Pi han querido explicarnos la raz\u00f3n de la celebraci\u00f3n y su experiencia.<\/p>\n\n\n\n<figure class=\"wp-block-image size-full\"><a href=\"http:\/\/radioluna.iesalbarregas.com\/wp-content\/uploads\/2024\/02\/radio_edu.jpg\"><img loading=\"lazy\" width=\"978\" height=\"320\" src=\"http:\/\/radioluna.iesalbarregas.com\/wp-content\/uploads\/2024\/02\/radio_edu.jpg\" alt=\"\" class=\"wp-image-2077\" srcset=\"http:\/\/radioluna.iesalbarregas.com\/wp-content\/uploads\/2024\/02\/radio_edu.jpg 978w, http:\/\/radioluna.iesalbarregas.com\/wp-content\/uploads\/2024\/02\/radio_edu-300x98.jpg 300w, http:\/\/radioluna.iesalbarregas.com\/wp-content\/uploads\/2024\/02\/radio_edu-768x251.jpg 768w, http:\/\/radioluna.iesalbarregas.com\/wp-content\/uploads\/2024\/02\/radio_edu-500x164.jpg 500w\" sizes=\"(max-width: 978px) 100vw, 978px\" \/><\/a><\/figure>\n","protected":false},"excerpt":{"rendered":"<p>En el IES Albarregas estenemos muchos compromisos.\u00a0Uno de ellos es con la promoci\u00f3n del acceso pleno y equitativo a la ciencia y reconocer el papel de la mujeres en la ciencia,\u00a0la tecnolog\u00eda,\u00a0la ingenier\u00eda y las matem\u00e1ticas.\u00a0Un a\u00f1o m\u00e1s hemos celebrado &hellip; <a href=\"http:\/\/radioluna.iesalbarregas.com\/?p=2075\">Sigue leyendo <span class=\"meta-nav\">&rarr;<\/span><\/a><\/p>\n","protected":false},"author":2,"featured_media":0,"comment_status":"closed","ping_status":"closed","sticky":false,"template":"","format":"standard","meta":[],"categories":[9],"tags":[144,146],"_links":{"self":[{"href":"http:\/\/radioluna.iesalbarregas.com\/index.php?rest_route=\/wp\/v2\/posts\/2075"}],"collection":[{"href":"http:\/\/radioluna.iesalbarregas.com\/index.php?rest_route=\/wp\/v2\/posts"}],"about":[{"href":"http:\/\/radioluna.iesalbarregas.com\/index.php?rest_route=\/wp\/v2\/types\/post"}],"author":[{"embeddable":true,"href":"http:\/\/radioluna.iesalbarregas.com\/index.php?rest_route=\/wp\/v2\/users\/2"}],"replies":[{"embeddable":true,"href":"http:\/\/radioluna.iesalbarregas.com\/index.php?rest_route=%2Fwp%2Fv2%2Fcomments&post=2075"}],"version-history":[{"count":1,"href":"http:\/\/radioluna.iesalbarregas.com\/index.php?rest_route=\/wp\/v2\/posts\/2075\/revisions"}],"predecessor-version":[{"id":2078,"href":"http:\/\/radioluna.iesalbarregas.com\/index.php?rest_route=\/wp\/v2\/posts\/2075\/revisions\/2078"}],"wp:attachment":[{"href":"http:\/\/radioluna.iesalbarregas.com\/index.php?rest_route=%2Fwp%2Fv2%2Fmedia&parent=2075"}],"wp:term":[{"taxonomy":"category","embeddable":true,"href":"http:\/\/radioluna.iesalbarregas.com\/index.php?rest_route=%2Fwp%2Fv2%2Fcategories&post=2075"},{"taxonomy":"post_tag","embeddable":true,"href":"http:\/\/radioluna.iesalbarregas.com\/index.php?rest_route=%2Fwp%2Fv2%2Ftags&post=2075"}],"curies":[{"name":"wp","href":"https:\/\/api.w.org\/{rel}","templated":true}]}}