{"id":2061,"date":"2024-02-14T10:05:20","date_gmt":"2024-02-14T09:05:20","guid":{"rendered":"http:\/\/radioluna.iesalbarregas.com\/?p=2061"},"modified":"2024-02-14T14:32:26","modified_gmt":"2024-02-14T13:32:26","slug":"torndeo-de-debates","status":"publish","type":"post","link":"http:\/\/radioluna.iesalbarregas.com\/?p=2061","title":{"rendered":"TORNEO DE DEBATES"},"content":{"rendered":"\n<figure class=\"wp-block-audio\"><audio controls src=\"http:\/\/radioluna.iesalbarregas.com\/wp-content\/uploads\/2024\/02\/MueveteDebates.mp3\"><\/audio><\/figure>\n\n\n\n<p>Los pasados d\u00edas 2 y 3 de febrero tuvo lugar el&nbsp;IV Torneo de Debate del IES Santa Eulalia de M\u00e9rida, que reuni\u00f3&nbsp;no s\u00f3lo a centros de nuestra Comunidad, sino tambi\u00e9n a otros procedentes de Andaluc\u00eda, Madrid o Toledo. Como representaci\u00f3n de nuestro Centro acudieron los alumnos Lidia Ayuso, Diego Mu\u00f1oz y Hugo Tamayo, de 1\u00ba Bachillerato. Aprovechando la visita de los centros observadores del Programa Mu\u00e9vete 2024, hemos llevado a cabo una entrevista para conocer de primera mano c\u00f3mo ha sido su experiencia.<\/p>\n\n\n\n<figure class=\"wp-block-gallery has-nested-images columns-default is-cropped\">\n<figure class=\"wp-block-image size-large\"><a href=\"http:\/\/radioluna.iesalbarregas.com\/wp-content\/uploads\/2024\/02\/PHOTO-2024-02-07-12-22-21-1-scaled.jpg\"><img loading=\"lazy\" width=\"1024\" height=\"768\" data-id=\"2063\"  src=\"http:\/\/radioluna.iesalbarregas.com\/wp-content\/uploads\/2024\/02\/PHOTO-2024-02-07-12-22-21-1-1024x768.jpg\" alt=\"\" class=\"wp-image-2063\" srcset=\"http:\/\/radioluna.iesalbarregas.com\/wp-content\/uploads\/2024\/02\/PHOTO-2024-02-07-12-22-21-1-1024x768.jpg 1024w, http:\/\/radioluna.iesalbarregas.com\/wp-content\/uploads\/2024\/02\/PHOTO-2024-02-07-12-22-21-1-300x225.jpg 300w, http:\/\/radioluna.iesalbarregas.com\/wp-content\/uploads\/2024\/02\/PHOTO-2024-02-07-12-22-21-1-768x576.jpg 768w, http:\/\/radioluna.iesalbarregas.com\/wp-content\/uploads\/2024\/02\/PHOTO-2024-02-07-12-22-21-1-1536x1152.jpg 1536w, http:\/\/radioluna.iesalbarregas.com\/wp-content\/uploads\/2024\/02\/PHOTO-2024-02-07-12-22-21-1-2048x1536.jpg 2048w, http:\/\/radioluna.iesalbarregas.com\/wp-content\/uploads\/2024\/02\/PHOTO-2024-02-07-12-22-21-1-400x300.jpg 400w\" sizes=\"(max-width: 1024px) 100vw, 1024px\" \/><\/a><\/figure>\n\n\n\n<figure class=\"wp-block-image size-large\"><a href=\"http:\/\/radioluna.iesalbarregas.com\/wp-content\/uploads\/2024\/02\/PHOTO-2024-02-07-12-25-12-scaled.jpg\"><img loading=\"lazy\" width=\"1024\" height=\"768\" data-id=\"2065\"  src=\"http:\/\/radioluna.iesalbarregas.com\/wp-content\/uploads\/2024\/02\/PHOTO-2024-02-07-12-25-12-1024x768.jpg\" alt=\"\" class=\"wp-image-2065\" srcset=\"http:\/\/radioluna.iesalbarregas.com\/wp-content\/uploads\/2024\/02\/PHOTO-2024-02-07-12-25-12-1024x768.jpg 1024w, http:\/\/radioluna.iesalbarregas.com\/wp-content\/uploads\/2024\/02\/PHOTO-2024-02-07-12-25-12-300x225.jpg 300w, http:\/\/radioluna.iesalbarregas.com\/wp-content\/uploads\/2024\/02\/PHOTO-2024-02-07-12-25-12-768x576.jpg 768w, http:\/\/radioluna.iesalbarregas.com\/wp-content\/uploads\/2024\/02\/PHOTO-2024-02-07-12-25-12-1536x1152.jpg 1536w, http:\/\/radioluna.iesalbarregas.com\/wp-content\/uploads\/2024\/02\/PHOTO-2024-02-07-12-25-12-2048x1536.jpg 2048w, http:\/\/radioluna.iesalbarregas.com\/wp-content\/uploads\/2024\/02\/PHOTO-2024-02-07-12-25-12-400x300.jpg 400w\" sizes=\"(max-width: 1024px) 100vw, 1024px\" \/><\/a><\/figure>\n\n\n\n<figure class=\"wp-block-image size-large\"><a href=\"http:\/\/radioluna.iesalbarregas.com\/wp-content\/uploads\/2024\/02\/PHOTO-2024-02-07-12-22-21-scaled.jpg\"><img loading=\"lazy\" width=\"1024\" height=\"768\" data-id=\"2064\"  src=\"http:\/\/radioluna.iesalbarregas.com\/wp-content\/uploads\/2024\/02\/PHOTO-2024-02-07-12-22-21-1024x768.jpg\" alt=\"\" class=\"wp-image-2064\" srcset=\"http:\/\/radioluna.iesalbarregas.com\/wp-content\/uploads\/2024\/02\/PHOTO-2024-02-07-12-22-21-1024x768.jpg 1024w, http:\/\/radioluna.iesalbarregas.com\/wp-content\/uploads\/2024\/02\/PHOTO-2024-02-07-12-22-21-300x225.jpg 300w, http:\/\/radioluna.iesalbarregas.com\/wp-content\/uploads\/2024\/02\/PHOTO-2024-02-07-12-22-21-768x576.jpg 768w, http:\/\/radioluna.iesalbarregas.com\/wp-content\/uploads\/2024\/02\/PHOTO-2024-02-07-12-22-21-1536x1152.jpg 1536w, http:\/\/radioluna.iesalbarregas.com\/wp-content\/uploads\/2024\/02\/PHOTO-2024-02-07-12-22-21-2048x1536.jpg 2048w, http:\/\/radioluna.iesalbarregas.com\/wp-content\/uploads\/2024\/02\/PHOTO-2024-02-07-12-22-21-400x300.jpg 400w\" sizes=\"(max-width: 1024px) 100vw, 1024px\" \/><\/a><\/figure>\n<\/figure>\n","protected":false},"excerpt":{"rendered":"<p>Los pasados d\u00edas 2 y 3 de febrero tuvo lugar el&nbsp;IV Torneo de Debate del IES Santa Eulalia de M\u00e9rida, que reuni\u00f3&nbsp;no s\u00f3lo a centros de nuestra Comunidad, sino tambi\u00e9n a otros procedentes de Andaluc\u00eda, Madrid o Toledo. Como representaci\u00f3n &hellip; <a href=\"http:\/\/radioluna.iesalbarregas.com\/?p=2061\">Sigue leyendo <span class=\"meta-nav\">&rarr;<\/span><\/a><\/p>\n","protected":false},"author":2,"featured_media":0,"comment_status":"closed","ping_status":"closed","sticky":false,"template":"","format":"standard","meta":[],"categories":[9],"tags":[146,154],"_links":{"self":[{"href":"http:\/\/radioluna.iesalbarregas.com\/index.php?rest_route=\/wp\/v2\/posts\/2061"}],"collection":[{"href":"http:\/\/radioluna.iesalbarregas.com\/index.php?rest_route=\/wp\/v2\/posts"}],"about":[{"href":"http:\/\/radioluna.iesalbarregas.com\/index.php?rest_route=\/wp\/v2\/types\/post"}],"author":[{"embeddable":true,"href":"http:\/\/radioluna.iesalbarregas.com\/index.php?rest_route=\/wp\/v2\/users\/2"}],"replies":[{"embeddable":true,"href":"http:\/\/radioluna.iesalbarregas.com\/index.php?rest_route=%2Fwp%2Fv2%2Fcomments&post=2061"}],"version-history":[{"count":3,"href":"http:\/\/radioluna.iesalbarregas.com\/index.php?rest_route=\/wp\/v2\/posts\/2061\/revisions"}],"predecessor-version":[{"id":2068,"href":"http:\/\/radioluna.iesalbarregas.com\/index.php?rest_route=\/wp\/v2\/posts\/2061\/revisions\/2068"}],"wp:attachment":[{"href":"http:\/\/radioluna.iesalbarregas.com\/index.php?rest_route=%2Fwp%2Fv2%2Fmedia&parent=2061"}],"wp:term":[{"taxonomy":"category","embeddable":true,"href":"http:\/\/radioluna.iesalbarregas.com\/index.php?rest_route=%2Fwp%2Fv2%2Fcategories&post=2061"},{"taxonomy":"post_tag","embeddable":true,"href":"http:\/\/radioluna.iesalbarregas.com\/index.php?rest_route=%2Fwp%2Fv2%2Ftags&post=2061"}],"curies":[{"name":"wp","href":"https:\/\/api.w.org\/{rel}","templated":true}]}}