{"id":2052,"date":"2024-02-07T14:21:22","date_gmt":"2024-02-07T13:21:22","guid":{"rendered":"http:\/\/radioluna.iesalbarregas.com\/?p=2052"},"modified":"2024-02-07T14:21:22","modified_gmt":"2024-02-07T13:21:22","slug":"radio-afi","status":"publish","type":"post","link":"http:\/\/radioluna.iesalbarregas.com\/?p=2052","title":{"rendered":"RADIO AFI"},"content":{"rendered":"\n<p>El pasado 1 de febrero de 2024 se llevaron a cabo las III Jornadas de emprendimiento y dualizaci\u00f3n de FP en el IES Albarregas de M\u00e9rida donde contamos con numerosos empresarios y empresarias de la comarca y que nuestras chicas y chicos de Radioafi no perdieron la oportunidad de hacerles unas preguntas a algunos de ellos. \u00a1\u00a1Gracias por vuestra colaboraci\u00f3n!! <a rel=\"noreferrer noopener\" href=\"https:\/\/www.youtube.com\/hashtag\/jornadasdemprendimiento\" target=\"_blank\">#jornadasdemprendimiento<\/a>\u00a0<a rel=\"noreferrer noopener\" href=\"https:\/\/www.youtube.com\/hashtag\/fp\" target=\"_blank\">#fp<\/a>\u00a0<a rel=\"noreferrer noopener\" href=\"https:\/\/www.youtube.com\/hashtag\/radioafi\" target=\"_blank\">#radioafi<\/a>\u00a0<a rel=\"noreferrer noopener\" href=\"https:\/\/www.youtube.com\/hashtag\/radioedu\" target=\"_blank\">#radioedu<\/a>\u00a0<a rel=\"noreferrer noopener\" href=\"https:\/\/www.youtube.com\/hashtag\/radioluna\" target=\"_blank\">#radioluna<\/a>\u00a0<a rel=\"noreferrer noopener\" href=\"https:\/\/www.youtube.com\/hashtag\/iesalbarregas\" target=\"_blank\">#iesalbarregas<\/a>\u00a0<a rel=\"noreferrer noopener\" href=\"https:\/\/www.youtube.com\/hashtag\/m%C3%A9rida\" target=\"_blank\">#m\u00e9rida<\/a>\u00a0<a rel=\"noreferrer noopener\" href=\"https:\/\/www.youtube.com\/hashtag\/educaci%C3%B3n\" target=\"_blank\">#educaci\u00f3n<\/a>\u00a0<a rel=\"noreferrer noopener\" href=\"https:\/\/www.youtube.com\/hashtag\/emprendimiento\" target=\"_blank\">#emprendimiento<\/a>\u00a0<a rel=\"noreferrer noopener\" href=\"https:\/\/www.youtube.com\/hashtag\/administraci%C3%B3nyfinanzas\" target=\"_blank\">#administraci\u00f3nyfinanzas<\/a><\/p>\n\n\n\n<p>Alumnado Participante AFI 1: Marcos Llorente, Elena Lancho, Raquel G\u00f3mez, Dolores Gazapo y Javier Salmi. Coordina la profesora de AFI Ana Bel\u00e9n Hurtado Ch\u00e1vez.<\/p>\n\n\n\n<figure class=\"wp-block-embed is-type-video is-provider-youtube wp-block-embed-youtube wp-embed-aspect-16-9 wp-has-aspect-ratio\"><div class=\"wp-block-embed__wrapper\">\n<iframe loading=\"lazy\" title=\"Entrevistas empresari@s III Jornadas de emprendimiento y dualizaci\u00f3n de FP\" width=\"584\" height=\"329\" src=\"https:\/\/www.youtube.com\/embed\/bskPEead4_o?feature=oembed\" frameborder=\"0\" allow=\"accelerometer; autoplay; clipboard-write; encrypted-media; gyroscope; picture-in-picture; web-share\" allowfullscreen><\/iframe>\n<\/div><\/figure>\n\n\n\n<figure class=\"wp-block-gallery has-nested-images columns-default is-cropped\">\n<figure class=\"wp-block-image size-large\"><a href=\"http:\/\/radioluna.iesalbarregas.com\/wp-content\/uploads\/2024\/02\/Screenshot_20240207_104232_Instagram.jpg\"><img loading=\"lazy\" width=\"691\" height=\"1024\" data-id=\"2054\"  src=\"http:\/\/radioluna.iesalbarregas.com\/wp-content\/uploads\/2024\/02\/Screenshot_20240207_104232_Instagram-691x1024.jpg\" alt=\"\" class=\"wp-image-2054\" srcset=\"http:\/\/radioluna.iesalbarregas.com\/wp-content\/uploads\/2024\/02\/Screenshot_20240207_104232_Instagram-691x1024.jpg 691w, http:\/\/radioluna.iesalbarregas.com\/wp-content\/uploads\/2024\/02\/Screenshot_20240207_104232_Instagram-203x300.jpg 203w, http:\/\/radioluna.iesalbarregas.com\/wp-content\/uploads\/2024\/02\/Screenshot_20240207_104232_Instagram-768x1138.jpg 768w, http:\/\/radioluna.iesalbarregas.com\/wp-content\/uploads\/2024\/02\/Screenshot_20240207_104232_Instagram-1037x1536.jpg 1037w, http:\/\/radioluna.iesalbarregas.com\/wp-content\/uploads\/2024\/02\/Screenshot_20240207_104232_Instagram.jpg 1080w\" sizes=\"(max-width: 691px) 100vw, 691px\" \/><\/a><\/figure>\n\n\n\n<figure class=\"wp-block-image size-large\"><a href=\"http:\/\/radioluna.iesalbarregas.com\/wp-content\/uploads\/2024\/02\/Screenshot_20240207_104239_Instagram.jpg\"><img loading=\"lazy\" width=\"695\" height=\"1024\" data-id=\"2055\"  src=\"http:\/\/radioluna.iesalbarregas.com\/wp-content\/uploads\/2024\/02\/Screenshot_20240207_104239_Instagram-695x1024.jpg\" alt=\"\" class=\"wp-image-2055\" srcset=\"http:\/\/radioluna.iesalbarregas.com\/wp-content\/uploads\/2024\/02\/Screenshot_20240207_104239_Instagram-695x1024.jpg 695w, http:\/\/radioluna.iesalbarregas.com\/wp-content\/uploads\/2024\/02\/Screenshot_20240207_104239_Instagram-204x300.jpg 204w, http:\/\/radioluna.iesalbarregas.com\/wp-content\/uploads\/2024\/02\/Screenshot_20240207_104239_Instagram-768x1132.jpg 768w, http:\/\/radioluna.iesalbarregas.com\/wp-content\/uploads\/2024\/02\/Screenshot_20240207_104239_Instagram-1042x1536.jpg 1042w, http:\/\/radioluna.iesalbarregas.com\/wp-content\/uploads\/2024\/02\/Screenshot_20240207_104239_Instagram.jpg 1075w\" sizes=\"(max-width: 695px) 100vw, 695px\" \/><\/a><\/figure>\n\n\n\n<figure class=\"wp-block-image size-large\"><a href=\"http:\/\/radioluna.iesalbarregas.com\/wp-content\/uploads\/2024\/02\/Screenshot_20240207_104245_Instagram.jpg\"><img loading=\"lazy\" width=\"896\" height=\"1024\" data-id=\"2053\"  src=\"http:\/\/radioluna.iesalbarregas.com\/wp-content\/uploads\/2024\/02\/Screenshot_20240207_104245_Instagram-896x1024.jpg\" alt=\"\" class=\"wp-image-2053\" srcset=\"http:\/\/radioluna.iesalbarregas.com\/wp-content\/uploads\/2024\/02\/Screenshot_20240207_104245_Instagram-896x1024.jpg 896w, http:\/\/radioluna.iesalbarregas.com\/wp-content\/uploads\/2024\/02\/Screenshot_20240207_104245_Instagram-263x300.jpg 263w, http:\/\/radioluna.iesalbarregas.com\/wp-content\/uploads\/2024\/02\/Screenshot_20240207_104245_Instagram-768x878.jpg 768w, http:\/\/radioluna.iesalbarregas.com\/wp-content\/uploads\/2024\/02\/Screenshot_20240207_104245_Instagram.jpg 1080w\" sizes=\"(max-width: 896px) 100vw, 896px\" \/><\/a><\/figure>\n\n\n\n<figure class=\"wp-block-image size-large\"><a href=\"http:\/\/radioluna.iesalbarregas.com\/wp-content\/uploads\/2024\/02\/Screenshot_20240207_104223_Instagram.jpg\"><img loading=\"lazy\" width=\"708\" height=\"1024\" data-id=\"2056\"  src=\"http:\/\/radioluna.iesalbarregas.com\/wp-content\/uploads\/2024\/02\/Screenshot_20240207_104223_Instagram-708x1024.jpg\" alt=\"\" class=\"wp-image-2056\" srcset=\"http:\/\/radioluna.iesalbarregas.com\/wp-content\/uploads\/2024\/02\/Screenshot_20240207_104223_Instagram-708x1024.jpg 708w, http:\/\/radioluna.iesalbarregas.com\/wp-content\/uploads\/2024\/02\/Screenshot_20240207_104223_Instagram-207x300.jpg 207w, http:\/\/radioluna.iesalbarregas.com\/wp-content\/uploads\/2024\/02\/Screenshot_20240207_104223_Instagram-768x1111.jpg 768w, http:\/\/radioluna.iesalbarregas.com\/wp-content\/uploads\/2024\/02\/Screenshot_20240207_104223_Instagram-1061x1536.jpg 1061w, http:\/\/radioluna.iesalbarregas.com\/wp-content\/uploads\/2024\/02\/Screenshot_20240207_104223_Instagram.jpg 1080w\" sizes=\"(max-width: 708px) 100vw, 708px\" \/><\/a><\/figure>\n<figcaption class=\"blocks-gallery-caption\">Making Off<\/figcaption><\/figure>\n","protected":false},"excerpt":{"rendered":"<p>El pasado 1 de febrero de 2024 se llevaron a cabo las III Jornadas de emprendimiento y dualizaci\u00f3n de FP en el IES Albarregas de M\u00e9rida donde contamos con numerosos empresarios y empresarias de la comarca y que nuestras chicas &hellip; <a href=\"http:\/\/radioluna.iesalbarregas.com\/?p=2052\">Sigue leyendo <span class=\"meta-nav\">&rarr;<\/span><\/a><\/p>\n","protected":false},"author":2,"featured_media":0,"comment_status":"closed","ping_status":"closed","sticky":false,"template":"","format":"standard","meta":[],"categories":[9,44],"tags":[145,146],"_links":{"self":[{"href":"http:\/\/radioluna.iesalbarregas.com\/index.php?rest_route=\/wp\/v2\/posts\/2052"}],"collection":[{"href":"http:\/\/radioluna.iesalbarregas.com\/index.php?rest_route=\/wp\/v2\/posts"}],"about":[{"href":"http:\/\/radioluna.iesalbarregas.com\/index.php?rest_route=\/wp\/v2\/types\/post"}],"author":[{"embeddable":true,"href":"http:\/\/radioluna.iesalbarregas.com\/index.php?rest_route=\/wp\/v2\/users\/2"}],"replies":[{"embeddable":true,"href":"http:\/\/radioluna.iesalbarregas.com\/index.php?rest_route=%2Fwp%2Fv2%2Fcomments&post=2052"}],"version-history":[{"count":1,"href":"http:\/\/radioluna.iesalbarregas.com\/index.php?rest_route=\/wp\/v2\/posts\/2052\/revisions"}],"predecessor-version":[{"id":2057,"href":"http:\/\/radioluna.iesalbarregas.com\/index.php?rest_route=\/wp\/v2\/posts\/2052\/revisions\/2057"}],"wp:attachment":[{"href":"http:\/\/radioluna.iesalbarregas.com\/index.php?rest_route=%2Fwp%2Fv2%2Fmedia&parent=2052"}],"wp:term":[{"taxonomy":"category","embeddable":true,"href":"http:\/\/radioluna.iesalbarregas.com\/index.php?rest_route=%2Fwp%2Fv2%2Fcategories&post=2052"},{"taxonomy":"post_tag","embeddable":true,"href":"http:\/\/radioluna.iesalbarregas.com\/index.php?rest_route=%2Fwp%2Fv2%2Ftags&post=2052"}],"curies":[{"name":"wp","href":"https:\/\/api.w.org\/{rel}","templated":true}]}}