{"id":2044,"date":"2024-02-07T14:14:13","date_gmt":"2024-02-07T13:14:13","guid":{"rendered":"http:\/\/radioluna.iesalbarregas.com\/?p=2044"},"modified":"2024-02-07T14:37:43","modified_gmt":"2024-02-07T13:37:43","slug":"arte-romanico","status":"publish","type":"post","link":"http:\/\/radioluna.iesalbarregas.com\/?p=2044","title":{"rendered":"ARTE ROM\u00c1NICO"},"content":{"rendered":"\n<figure class=\"wp-block-audio\"><audio controls src=\"http:\/\/radioluna.iesalbarregas.com\/wp-content\/uploads\/2024\/02\/Romanico-2oD.mp3\"><\/audio><\/figure>\n\n\n\n<p>El alumnado de 2\u00ba ESO D ha realizado un trabajo de investigaci\u00f3n sobre el Arte Rom\u00e1nico y el contexto en el que tuvo lugar su desarrollo. La actividad la han realizado en la asignatura de Geograf\u00eda e Historia con la profesora Lola S\u00e1nchez. En este programa os cuentan lo aprendido. Esperamos que os guste, que lo disfrut\u00e9is y que os sirva para aprender sobre este estilo art\u00edstico. <\/p>\n\n\n\n<p>Han participado en este programa: Antonia Mancera, C\u00e9sar Garc\u00eda, Daniela Ruiz, Marta Hern\u00e1ndez, Natalia de Esteban, David Rica, Izan Rica, Paco Jim\u00e9nez, V\u00edctor Caro, Mara<\/p>\n\n\n\n<figure class=\"wp-block-gallery has-nested-images columns-default is-cropped\">\n<figure class=\"wp-block-image size-large\"><a href=\"http:\/\/radioluna.iesalbarregas.com\/wp-content\/uploads\/2024\/02\/Romanico-scaled.jpg\"><img loading=\"lazy\" width=\"1024\" height=\"1024\" data-id=\"2049\"  src=\"http:\/\/radioluna.iesalbarregas.com\/wp-content\/uploads\/2024\/02\/Romanico-1024x1024.jpg\" alt=\"\" class=\"wp-image-2049\" srcset=\"http:\/\/radioluna.iesalbarregas.com\/wp-content\/uploads\/2024\/02\/Romanico-1024x1024.jpg 1024w, http:\/\/radioluna.iesalbarregas.com\/wp-content\/uploads\/2024\/02\/Romanico-300x300.jpg 300w, http:\/\/radioluna.iesalbarregas.com\/wp-content\/uploads\/2024\/02\/Romanico-150x150.jpg 150w, http:\/\/radioluna.iesalbarregas.com\/wp-content\/uploads\/2024\/02\/Romanico-768x768.jpg 768w, http:\/\/radioluna.iesalbarregas.com\/wp-content\/uploads\/2024\/02\/Romanico-1536x1536.jpg 1536w, http:\/\/radioluna.iesalbarregas.com\/wp-content\/uploads\/2024\/02\/Romanico-2048x2048.jpg 2048w\" sizes=\"(max-width: 1024px) 100vw, 1024px\" \/><\/a><\/figure>\n\n\n\n<figure class=\"wp-block-image size-large\"><a href=\"http:\/\/radioluna.iesalbarregas.com\/wp-content\/uploads\/2024\/02\/On-air-1-scaled.jpg\"><img loading=\"lazy\" width=\"1024\" height=\"1024\" data-id=\"2050\"  src=\"http:\/\/radioluna.iesalbarregas.com\/wp-content\/uploads\/2024\/02\/On-air-1-1024x1024.jpg\" alt=\"\" class=\"wp-image-2050\" srcset=\"http:\/\/radioluna.iesalbarregas.com\/wp-content\/uploads\/2024\/02\/On-air-1-1024x1024.jpg 1024w, http:\/\/radioluna.iesalbarregas.com\/wp-content\/uploads\/2024\/02\/On-air-1-300x300.jpg 300w, http:\/\/radioluna.iesalbarregas.com\/wp-content\/uploads\/2024\/02\/On-air-1-150x150.jpg 150w, http:\/\/radioluna.iesalbarregas.com\/wp-content\/uploads\/2024\/02\/On-air-1-768x768.jpg 768w, http:\/\/radioluna.iesalbarregas.com\/wp-content\/uploads\/2024\/02\/On-air-1-1536x1536.jpg 1536w, http:\/\/radioluna.iesalbarregas.com\/wp-content\/uploads\/2024\/02\/On-air-1-2048x2048.jpg 2048w\" sizes=\"(max-width: 1024px) 100vw, 1024px\" \/><\/a><\/figure>\n<\/figure>\n","protected":false},"excerpt":{"rendered":"<p>El alumnado de 2\u00ba ESO D ha realizado un trabajo de investigaci\u00f3n sobre el Arte Rom\u00e1nico y el contexto en el que tuvo lugar su desarrollo. La actividad la han realizado en la asignatura de Geograf\u00eda e Historia con la &hellip; <a href=\"http:\/\/radioluna.iesalbarregas.com\/?p=2044\">Sigue leyendo <span class=\"meta-nav\">&rarr;<\/span><\/a><\/p>\n","protected":false},"author":2,"featured_media":0,"comment_status":"closed","ping_status":"closed","sticky":false,"template":"","format":"standard","meta":[],"categories":[9],"tags":[150,146],"_links":{"self":[{"href":"http:\/\/radioluna.iesalbarregas.com\/index.php?rest_route=\/wp\/v2\/posts\/2044"}],"collection":[{"href":"http:\/\/radioluna.iesalbarregas.com\/index.php?rest_route=\/wp\/v2\/posts"}],"about":[{"href":"http:\/\/radioluna.iesalbarregas.com\/index.php?rest_route=\/wp\/v2\/types\/post"}],"author":[{"embeddable":true,"href":"http:\/\/radioluna.iesalbarregas.com\/index.php?rest_route=\/wp\/v2\/users\/2"}],"replies":[{"embeddable":true,"href":"http:\/\/radioluna.iesalbarregas.com\/index.php?rest_route=%2Fwp%2Fv2%2Fcomments&post=2044"}],"version-history":[{"count":2,"href":"http:\/\/radioluna.iesalbarregas.com\/index.php?rest_route=\/wp\/v2\/posts\/2044\/revisions"}],"predecessor-version":[{"id":2060,"href":"http:\/\/radioluna.iesalbarregas.com\/index.php?rest_route=\/wp\/v2\/posts\/2044\/revisions\/2060"}],"wp:attachment":[{"href":"http:\/\/radioluna.iesalbarregas.com\/index.php?rest_route=%2Fwp%2Fv2%2Fmedia&parent=2044"}],"wp:term":[{"taxonomy":"category","embeddable":true,"href":"http:\/\/radioluna.iesalbarregas.com\/index.php?rest_route=%2Fwp%2Fv2%2Fcategories&post=2044"},{"taxonomy":"post_tag","embeddable":true,"href":"http:\/\/radioluna.iesalbarregas.com\/index.php?rest_route=%2Fwp%2Fv2%2Ftags&post=2044"}],"curies":[{"name":"wp","href":"https:\/\/api.w.org\/{rel}","templated":true}]}}