{"id":2038,"date":"2024-02-07T13:52:40","date_gmt":"2024-02-07T12:52:40","guid":{"rendered":"http:\/\/radioluna.iesalbarregas.com\/?p=2038"},"modified":"2024-02-07T14:25:04","modified_gmt":"2024-02-07T13:25:04","slug":"arte-gotico","status":"publish","type":"post","link":"http:\/\/radioluna.iesalbarregas.com\/?p=2038","title":{"rendered":"ARTE G\u00d3TICO"},"content":{"rendered":"\n<figure class=\"wp-block-audio\"><audio controls src=\"http:\/\/radioluna.iesalbarregas.com\/wp-content\/uploads\/2024\/02\/Gotico-2oD.mp3\"><\/audio><\/figure>\n\n\n\n<p>El alumnado de 2\u00ba ESO D ha investigado con su profesora Lola S\u00e1nchez sobre el estilo art\u00edstico del G\u00f3tico en la asignatura de Historia y han querido mostrar lo aprendido en este programa de radio. Esperamos que lo disfrut\u00e9is.<\/p>\n\n\n\n<p>Alumnado participante: Celia Valenzuela, Mar\u00eda Mu\u00f1oz, Abel Manzanero, Marta Leo, Alejandro Monta\u00f1a, Gabriel Dom\u00ednguez, V\u00edctor Hern\u00e1ndez, Iraide Jim\u00e9nez, Sara Valero, Carmen Mendoza, Abril S\u00e1nchez, Naiara S\u00e1nchez y Marta Mu\u00f1oz.<\/p>\n\n\n\n<figure class=\"wp-block-gallery has-nested-images columns-default is-cropped\">\n<figure class=\"wp-block-image size-large\"><a href=\"http:\/\/radioluna.iesalbarregas.com\/wp-content\/uploads\/2024\/02\/Gotico1-scaled.jpg\"><img loading=\"lazy\" width=\"1024\" height=\"1024\" data-id=\"2041\"  src=\"http:\/\/radioluna.iesalbarregas.com\/wp-content\/uploads\/2024\/02\/Gotico1-1024x1024.jpg\" alt=\"\" class=\"wp-image-2041\" srcset=\"http:\/\/radioluna.iesalbarregas.com\/wp-content\/uploads\/2024\/02\/Gotico1-1024x1024.jpg 1024w, http:\/\/radioluna.iesalbarregas.com\/wp-content\/uploads\/2024\/02\/Gotico1-300x300.jpg 300w, http:\/\/radioluna.iesalbarregas.com\/wp-content\/uploads\/2024\/02\/Gotico1-150x150.jpg 150w, http:\/\/radioluna.iesalbarregas.com\/wp-content\/uploads\/2024\/02\/Gotico1-768x768.jpg 768w, http:\/\/radioluna.iesalbarregas.com\/wp-content\/uploads\/2024\/02\/Gotico1-1536x1536.jpg 1536w, http:\/\/radioluna.iesalbarregas.com\/wp-content\/uploads\/2024\/02\/Gotico1-2048x2048.jpg 2048w\" sizes=\"(max-width: 1024px) 100vw, 1024px\" \/><\/a><\/figure>\n\n\n\n<figure class=\"wp-block-image size-large\"><a href=\"http:\/\/radioluna.iesalbarregas.com\/wp-content\/uploads\/2024\/02\/Gotico-2-scaled.jpg\"><img loading=\"lazy\" width=\"1024\" height=\"1024\" data-id=\"2040\"  src=\"http:\/\/radioluna.iesalbarregas.com\/wp-content\/uploads\/2024\/02\/Gotico-2-1024x1024.jpg\" alt=\"\" class=\"wp-image-2040\" srcset=\"http:\/\/radioluna.iesalbarregas.com\/wp-content\/uploads\/2024\/02\/Gotico-2-1024x1024.jpg 1024w, http:\/\/radioluna.iesalbarregas.com\/wp-content\/uploads\/2024\/02\/Gotico-2-300x300.jpg 300w, http:\/\/radioluna.iesalbarregas.com\/wp-content\/uploads\/2024\/02\/Gotico-2-150x150.jpg 150w, http:\/\/radioluna.iesalbarregas.com\/wp-content\/uploads\/2024\/02\/Gotico-2-768x768.jpg 768w, http:\/\/radioluna.iesalbarregas.com\/wp-content\/uploads\/2024\/02\/Gotico-2-1536x1536.jpg 1536w, http:\/\/radioluna.iesalbarregas.com\/wp-content\/uploads\/2024\/02\/Gotico-2-2048x2048.jpg 2048w\" sizes=\"(max-width: 1024px) 100vw, 1024px\" \/><\/a><\/figure>\n\n\n\n<figure class=\"wp-block-image size-large\"><a href=\"http:\/\/radioluna.iesalbarregas.com\/wp-content\/uploads\/2024\/02\/1707309960152-scaled.jpg\"><img loading=\"lazy\" width=\"1024\" height=\"1024\" data-id=\"2042\"  src=\"http:\/\/radioluna.iesalbarregas.com\/wp-content\/uploads\/2024\/02\/1707309960152-1024x1024.jpg\" alt=\"\" class=\"wp-image-2042\" srcset=\"http:\/\/radioluna.iesalbarregas.com\/wp-content\/uploads\/2024\/02\/1707309960152-1024x1024.jpg 1024w, http:\/\/radioluna.iesalbarregas.com\/wp-content\/uploads\/2024\/02\/1707309960152-300x300.jpg 300w, http:\/\/radioluna.iesalbarregas.com\/wp-content\/uploads\/2024\/02\/1707309960152-150x150.jpg 150w, http:\/\/radioluna.iesalbarregas.com\/wp-content\/uploads\/2024\/02\/1707309960152-768x768.jpg 768w, http:\/\/radioluna.iesalbarregas.com\/wp-content\/uploads\/2024\/02\/1707309960152-1536x1536.jpg 1536w, http:\/\/radioluna.iesalbarregas.com\/wp-content\/uploads\/2024\/02\/1707309960152-2048x2048.jpg 2048w\" sizes=\"(max-width: 1024px) 100vw, 1024px\" \/><\/a><\/figure>\n<\/figure>\n","protected":false},"excerpt":{"rendered":"<p>El alumnado de 2\u00ba ESO D ha investigado con su profesora Lola S\u00e1nchez sobre el estilo art\u00edstico del G\u00f3tico en la asignatura de Historia y han querido mostrar lo aprendido en este programa de radio. Esperamos que lo disfrut\u00e9is. Alumnado &hellip; <a href=\"http:\/\/radioluna.iesalbarregas.com\/?p=2038\">Sigue leyendo <span class=\"meta-nav\">&rarr;<\/span><\/a><\/p>\n","protected":false},"author":2,"featured_media":0,"comment_status":"closed","ping_status":"closed","sticky":false,"template":"","format":"standard","meta":[],"categories":[9],"tags":[150,146],"_links":{"self":[{"href":"http:\/\/radioluna.iesalbarregas.com\/index.php?rest_route=\/wp\/v2\/posts\/2038"}],"collection":[{"href":"http:\/\/radioluna.iesalbarregas.com\/index.php?rest_route=\/wp\/v2\/posts"}],"about":[{"href":"http:\/\/radioluna.iesalbarregas.com\/index.php?rest_route=\/wp\/v2\/types\/post"}],"author":[{"embeddable":true,"href":"http:\/\/radioluna.iesalbarregas.com\/index.php?rest_route=\/wp\/v2\/users\/2"}],"replies":[{"embeddable":true,"href":"http:\/\/radioluna.iesalbarregas.com\/index.php?rest_route=%2Fwp%2Fv2%2Fcomments&post=2038"}],"version-history":[{"count":3,"href":"http:\/\/radioluna.iesalbarregas.com\/index.php?rest_route=\/wp\/v2\/posts\/2038\/revisions"}],"predecessor-version":[{"id":2059,"href":"http:\/\/radioluna.iesalbarregas.com\/index.php?rest_route=\/wp\/v2\/posts\/2038\/revisions\/2059"}],"wp:attachment":[{"href":"http:\/\/radioluna.iesalbarregas.com\/index.php?rest_route=%2Fwp%2Fv2%2Fmedia&parent=2038"}],"wp:term":[{"taxonomy":"category","embeddable":true,"href":"http:\/\/radioluna.iesalbarregas.com\/index.php?rest_route=%2Fwp%2Fv2%2Fcategories&post=2038"},{"taxonomy":"post_tag","embeddable":true,"href":"http:\/\/radioluna.iesalbarregas.com\/index.php?rest_route=%2Fwp%2Fv2%2Ftags&post=2038"}],"curies":[{"name":"wp","href":"https:\/\/api.w.org\/{rel}","templated":true}]}}