{"id":2019,"date":"2023-12-17T19:29:05","date_gmt":"2023-12-17T18:29:05","guid":{"rendered":"http:\/\/radioluna.iesalbarregas.com\/?p=2019"},"modified":"2023-12-17T19:35:54","modified_gmt":"2023-12-17T18:35:54","slug":"empresas-emprendedoras-extremenas","status":"publish","type":"post","link":"http:\/\/radioluna.iesalbarregas.com\/?p=2019","title":{"rendered":"EMPRESAS EMPRENDEDORAS EXTREME\u00d1AS"},"content":{"rendered":"\n<p><strong>En nuestro centro estamos muy implicados con el EMPRENDIMIENTO y,&nbsp;por ello,&nbsp;los chicxs de @radioafi han querido destacar a 5 EMPRESAS EMPRENDEDORAS EXTREME\u00d1AS y lanzarles unas preguntas acerca de sus \u00e9xitos.<\/strong><\/p>\n\n\n\n<p><strong>\u00a1\u00a1ESPERAMOS QUE OS GUSTE!! Quedaos hasta el final que hay \u00a1\u00a1TOMAS FALSAS!!&nbsp;\u00bf\u00bf<\/strong><\/p>\n\n\n\n<p><strong>#Sider\u00fargicaBalboa min 1:12<\/strong><\/p>\n\n\n\n<p><strong>#entreencinasyestrellas min 4:13<\/strong><\/p>\n\n\n\n<p><strong>#movilexrecycling min 7:08<\/strong><\/p>\n\n\n\n<p><strong>#lachinataoficial #NETASA min 9:28<\/strong><\/p>\n\n\n\n<p><strong>#regalisimos.es min 11:03<\/strong><\/p>\n\n\n\n<p><strong>#radioafi #radioedu #radioluna #iesalbarregas #m\u00e9rida #extremadura #edudcaci\u00f3n #comunicaci\u00f3n #auladeemprendimiento #aealbarregas #empresas #emprendimiento #afi #administraci\u00f3nyfinanzas #fp<\/strong><\/p>\n\n\n\n<figure class=\"wp-block-embed is-type-video is-provider-youtube wp-block-embed-youtube wp-embed-aspect-16-9 wp-has-aspect-ratio\"><div class=\"wp-block-embed__wrapper\">\n<iframe loading=\"lazy\" title=\"EMPRESAS EMPRENDEDORAS EXTREME\u00d1AS #radioafi\" width=\"584\" height=\"329\" src=\"https:\/\/www.youtube.com\/embed\/dMcatW-gKrY?feature=oembed\" frameborder=\"0\" allow=\"accelerometer; autoplay; clipboard-write; encrypted-media; gyroscope; picture-in-picture; web-share\" allowfullscreen><\/iframe>\n<\/div><\/figure>\n","protected":false},"excerpt":{"rendered":"<p>En nuestro centro estamos muy implicados con el EMPRENDIMIENTO y,&nbsp;por ello,&nbsp;los chicxs de @radioafi han querido destacar a 5 EMPRESAS EMPRENDEDORAS EXTREME\u00d1AS y lanzarles unas preguntas acerca de sus \u00e9xitos. \u00a1\u00a1ESPERAMOS QUE OS GUSTE!! Quedaos hasta el final que hay &hellip; <a href=\"http:\/\/radioluna.iesalbarregas.com\/?p=2019\">Sigue leyendo <span class=\"meta-nav\">&rarr;<\/span><\/a><\/p>\n","protected":false},"author":2,"featured_media":0,"comment_status":"closed","ping_status":"closed","sticky":false,"template":"","format":"standard","meta":[],"categories":[9,44],"tags":[145,146],"_links":{"self":[{"href":"http:\/\/radioluna.iesalbarregas.com\/index.php?rest_route=\/wp\/v2\/posts\/2019"}],"collection":[{"href":"http:\/\/radioluna.iesalbarregas.com\/index.php?rest_route=\/wp\/v2\/posts"}],"about":[{"href":"http:\/\/radioluna.iesalbarregas.com\/index.php?rest_route=\/wp\/v2\/types\/post"}],"author":[{"embeddable":true,"href":"http:\/\/radioluna.iesalbarregas.com\/index.php?rest_route=\/wp\/v2\/users\/2"}],"replies":[{"embeddable":true,"href":"http:\/\/radioluna.iesalbarregas.com\/index.php?rest_route=%2Fwp%2Fv2%2Fcomments&post=2019"}],"version-history":[{"count":2,"href":"http:\/\/radioluna.iesalbarregas.com\/index.php?rest_route=\/wp\/v2\/posts\/2019\/revisions"}],"predecessor-version":[{"id":2021,"href":"http:\/\/radioluna.iesalbarregas.com\/index.php?rest_route=\/wp\/v2\/posts\/2019\/revisions\/2021"}],"wp:attachment":[{"href":"http:\/\/radioluna.iesalbarregas.com\/index.php?rest_route=%2Fwp%2Fv2%2Fmedia&parent=2019"}],"wp:term":[{"taxonomy":"category","embeddable":true,"href":"http:\/\/radioluna.iesalbarregas.com\/index.php?rest_route=%2Fwp%2Fv2%2Fcategories&post=2019"},{"taxonomy":"post_tag","embeddable":true,"href":"http:\/\/radioluna.iesalbarregas.com\/index.php?rest_route=%2Fwp%2Fv2%2Ftags&post=2019"}],"curies":[{"name":"wp","href":"https:\/\/api.w.org\/{rel}","templated":true}]}}