{"id":2013,"date":"2023-12-17T19:26:05","date_gmt":"2023-12-17T18:26:05","guid":{"rendered":"http:\/\/radioluna.iesalbarregas.com\/?p=2013"},"modified":"2023-12-17T19:36:19","modified_gmt":"2023-12-17T18:36:19","slug":"las-hermanas-mirabal-y-el-origen-del-25n","status":"publish","type":"post","link":"http:\/\/radioluna.iesalbarregas.com\/?p=2013","title":{"rendered":"LAS HERMANAS MIRABAL Y EL ORIGEN DEL 25N"},"content":{"rendered":"\n<figure class=\"wp-block-audio\"><audio controls src=\"http:\/\/radioluna.iesalbarregas.com\/wp-content\/uploads\/2023\/12\/25-N-Republica-Dominicana.mp3\"><\/audio><\/figure>\n\n\n\n<p>&nbsp;Las alumnas de 1\u00ba ESO D Laura Guill\u00e9n y Mara Pi han realizado un trabajo de investigaci\u00f3n sobre el origen de la efem\u00e9ride que celebraba el D\u00eda internacional de la eliminaci\u00f3n de la violencia contra la mujer,&nbsp;basada en la triste historia de las tres hermanas Mirabal (ciudadanas de la Rep\u00fablica Dominicana que lucharon contra el r\u00e9gimen del dictador Trujillo). El profesor de Lengua Castellana y Literatura, Jorge Garc\u00eda Burgos ha sido el encargado de proponer y coordinar esta actividad. Esperamos que os guste este programa.<\/p>\n\n\n\n<figure class=\"wp-block-gallery has-nested-images columns-default is-cropped\">\n<figure class=\"wp-block-image size-large\"><a href=\"http:\/\/radioluna.iesalbarregas.com\/wp-content\/uploads\/2023\/12\/1702836688217-scaled.jpg\"><img loading=\"lazy\" width=\"1024\" height=\"1024\" data-id=\"2015\"  src=\"http:\/\/radioluna.iesalbarregas.com\/wp-content\/uploads\/2023\/12\/1702836688217-1024x1024.jpg\" alt=\"\" class=\"wp-image-2015\" srcset=\"http:\/\/radioluna.iesalbarregas.com\/wp-content\/uploads\/2023\/12\/1702836688217-1024x1024.jpg 1024w, http:\/\/radioluna.iesalbarregas.com\/wp-content\/uploads\/2023\/12\/1702836688217-300x300.jpg 300w, http:\/\/radioluna.iesalbarregas.com\/wp-content\/uploads\/2023\/12\/1702836688217-150x150.jpg 150w, http:\/\/radioluna.iesalbarregas.com\/wp-content\/uploads\/2023\/12\/1702836688217-768x768.jpg 768w, http:\/\/radioluna.iesalbarregas.com\/wp-content\/uploads\/2023\/12\/1702836688217-1536x1536.jpg 1536w, http:\/\/radioluna.iesalbarregas.com\/wp-content\/uploads\/2023\/12\/1702836688217-2048x2048.jpg 2048w\" sizes=\"(max-width: 1024px) 100vw, 1024px\" \/><\/a><\/figure>\n\n\n\n<figure class=\"wp-block-image size-large\"><a href=\"http:\/\/radioluna.iesalbarregas.com\/wp-content\/uploads\/2023\/12\/1702836688202-scaled.jpg\"><img loading=\"lazy\" width=\"1024\" height=\"1024\" data-id=\"2016\"  src=\"http:\/\/radioluna.iesalbarregas.com\/wp-content\/uploads\/2023\/12\/1702836688202-1024x1024.jpg\" alt=\"\" class=\"wp-image-2016\" srcset=\"http:\/\/radioluna.iesalbarregas.com\/wp-content\/uploads\/2023\/12\/1702836688202-1024x1024.jpg 1024w, http:\/\/radioluna.iesalbarregas.com\/wp-content\/uploads\/2023\/12\/1702836688202-300x300.jpg 300w, http:\/\/radioluna.iesalbarregas.com\/wp-content\/uploads\/2023\/12\/1702836688202-150x150.jpg 150w, http:\/\/radioluna.iesalbarregas.com\/wp-content\/uploads\/2023\/12\/1702836688202-768x768.jpg 768w, http:\/\/radioluna.iesalbarregas.com\/wp-content\/uploads\/2023\/12\/1702836688202-1536x1536.jpg 1536w, http:\/\/radioluna.iesalbarregas.com\/wp-content\/uploads\/2023\/12\/1702836688202-2048x2048.jpg 2048w\" sizes=\"(max-width: 1024px) 100vw, 1024px\" \/><\/a><\/figure>\n\n\n\n<figure class=\"wp-block-image size-large\"><a href=\"http:\/\/radioluna.iesalbarregas.com\/wp-content\/uploads\/2023\/12\/1702836688185-scaled.jpg\"><img loading=\"lazy\" width=\"1024\" height=\"1024\" data-id=\"2017\"  src=\"http:\/\/radioluna.iesalbarregas.com\/wp-content\/uploads\/2023\/12\/1702836688185-1024x1024.jpg\" alt=\"\" class=\"wp-image-2017\" srcset=\"http:\/\/radioluna.iesalbarregas.com\/wp-content\/uploads\/2023\/12\/1702836688185-1024x1024.jpg 1024w, http:\/\/radioluna.iesalbarregas.com\/wp-content\/uploads\/2023\/12\/1702836688185-300x300.jpg 300w, http:\/\/radioluna.iesalbarregas.com\/wp-content\/uploads\/2023\/12\/1702836688185-150x150.jpg 150w, http:\/\/radioluna.iesalbarregas.com\/wp-content\/uploads\/2023\/12\/1702836688185-768x768.jpg 768w, http:\/\/radioluna.iesalbarregas.com\/wp-content\/uploads\/2023\/12\/1702836688185-1536x1536.jpg 1536w, http:\/\/radioluna.iesalbarregas.com\/wp-content\/uploads\/2023\/12\/1702836688185-2048x2048.jpg 2048w\" sizes=\"(max-width: 1024px) 100vw, 1024px\" \/><\/a><\/figure>\n<\/figure>\n","protected":false},"excerpt":{"rendered":"<p>&nbsp;Las alumnas de 1\u00ba ESO D Laura Guill\u00e9n y Mara Pi han realizado un trabajo de investigaci\u00f3n sobre el origen de la efem\u00e9ride que celebraba el D\u00eda internacional de la eliminaci\u00f3n de la violencia contra la mujer,&nbsp;basada en la triste &hellip; <a href=\"http:\/\/radioluna.iesalbarregas.com\/?p=2013\">Sigue leyendo <span class=\"meta-nav\">&rarr;<\/span><\/a><\/p>\n","protected":false},"author":2,"featured_media":0,"comment_status":"closed","ping_status":"closed","sticky":false,"template":"","format":"standard","meta":[],"categories":[9],"tags":[152,146],"_links":{"self":[{"href":"http:\/\/radioluna.iesalbarregas.com\/index.php?rest_route=\/wp\/v2\/posts\/2013"}],"collection":[{"href":"http:\/\/radioluna.iesalbarregas.com\/index.php?rest_route=\/wp\/v2\/posts"}],"about":[{"href":"http:\/\/radioluna.iesalbarregas.com\/index.php?rest_route=\/wp\/v2\/types\/post"}],"author":[{"embeddable":true,"href":"http:\/\/radioluna.iesalbarregas.com\/index.php?rest_route=\/wp\/v2\/users\/2"}],"replies":[{"embeddable":true,"href":"http:\/\/radioluna.iesalbarregas.com\/index.php?rest_route=%2Fwp%2Fv2%2Fcomments&post=2013"}],"version-history":[{"count":2,"href":"http:\/\/radioluna.iesalbarregas.com\/index.php?rest_route=\/wp\/v2\/posts\/2013\/revisions"}],"predecessor-version":[{"id":2022,"href":"http:\/\/radioluna.iesalbarregas.com\/index.php?rest_route=\/wp\/v2\/posts\/2013\/revisions\/2022"}],"wp:attachment":[{"href":"http:\/\/radioluna.iesalbarregas.com\/index.php?rest_route=%2Fwp%2Fv2%2Fmedia&parent=2013"}],"wp:term":[{"taxonomy":"category","embeddable":true,"href":"http:\/\/radioluna.iesalbarregas.com\/index.php?rest_route=%2Fwp%2Fv2%2Fcategories&post=2013"},{"taxonomy":"post_tag","embeddable":true,"href":"http:\/\/radioluna.iesalbarregas.com\/index.php?rest_route=%2Fwp%2Fv2%2Ftags&post=2013"}],"curies":[{"name":"wp","href":"https:\/\/api.w.org\/{rel}","templated":true}]}}