{"id":2003,"date":"2023-12-04T14:13:17","date_gmt":"2023-12-04T13:13:17","guid":{"rendered":"http:\/\/radioluna.iesalbarregas.com\/?p=2003"},"modified":"2023-12-04T14:19:46","modified_gmt":"2023-12-04T13:19:46","slug":"ciudades-medievales","status":"publish","type":"post","link":"http:\/\/radioluna.iesalbarregas.com\/?p=2003","title":{"rendered":"CIUDADES MEDIEVALES"},"content":{"rendered":"\n<figure class=\"wp-block-audio\"><audio controls src=\"http:\/\/radioluna.iesalbarregas.com\/wp-content\/uploads\/2023\/12\/Historia-2oD.mp3\"><\/audio><\/figure>\n\n\n\n<p>Los alumnos de 2\u00baESO D junto con su profesora Lola S\u00e1nchez en la asignatura de Geograf\u00eda e Historia han estado investigando y conociendo la Edad Media y todas sus caracter\u00edsticas desde el punto de vista, econ\u00f3mico, social y pol\u00edtico, llegando a descubrir como eran las ciudades y como se conservan en algunas de ellas esas ra\u00edces medievales, tanto en Espa\u00f1a como en Europa.<\/p>\n\n\n\n<p>A continuaci\u00f3n, os queremos presentar algunas ciudades que destacamos por sus restos y actividades que realizan de esta maravillosa \u00e9poca como es la Edad Media, \u00bfquieres conocerlas? Escucha el programa y ad\u00e9ntrate en la \u00e9poca medieval.<\/p>\n\n\n\n<p>Alumnado participante: V\u00edctor Caro, Marta Leo, Abril S\u00e1nchez, Celia Valenzuela, Marta Romo, Carla Trivi\u00f1o, Sara Valero, Pedro \u00c1lvarez y V\u00edctor Hern\u00e1ndez<\/p>\n\n\n\n<figure class=\"wp-block-gallery has-nested-images columns-default is-cropped\">\n<figure class=\"wp-block-image size-large\"><a href=\"http:\/\/radioluna.iesalbarregas.com\/wp-content\/uploads\/2023\/12\/1701695068189-scaled.jpg\"><img loading=\"lazy\" width=\"1024\" height=\"1024\" data-id=\"2008\"  src=\"http:\/\/radioluna.iesalbarregas.com\/wp-content\/uploads\/2023\/12\/1701695068189-1024x1024.jpg\" alt=\"\" class=\"wp-image-2008\" srcset=\"http:\/\/radioluna.iesalbarregas.com\/wp-content\/uploads\/2023\/12\/1701695068189-1024x1024.jpg 1024w, http:\/\/radioluna.iesalbarregas.com\/wp-content\/uploads\/2023\/12\/1701695068189-300x300.jpg 300w, http:\/\/radioluna.iesalbarregas.com\/wp-content\/uploads\/2023\/12\/1701695068189-150x150.jpg 150w, http:\/\/radioluna.iesalbarregas.com\/wp-content\/uploads\/2023\/12\/1701695068189-768x768.jpg 768w, http:\/\/radioluna.iesalbarregas.com\/wp-content\/uploads\/2023\/12\/1701695068189-1536x1536.jpg 1536w, http:\/\/radioluna.iesalbarregas.com\/wp-content\/uploads\/2023\/12\/1701695068189-2048x2048.jpg 2048w\" sizes=\"(max-width: 1024px) 100vw, 1024px\" \/><\/a><\/figure>\n\n\n\n<figure class=\"wp-block-image size-large\"><a href=\"http:\/\/radioluna.iesalbarregas.com\/wp-content\/uploads\/2023\/12\/1701695068200-scaled.jpg\"><img loading=\"lazy\" width=\"1024\" height=\"1024\" data-id=\"2006\"  src=\"http:\/\/radioluna.iesalbarregas.com\/wp-content\/uploads\/2023\/12\/1701695068200-1024x1024.jpg\" alt=\"\" class=\"wp-image-2006\" srcset=\"http:\/\/radioluna.iesalbarregas.com\/wp-content\/uploads\/2023\/12\/1701695068200-1024x1024.jpg 1024w, http:\/\/radioluna.iesalbarregas.com\/wp-content\/uploads\/2023\/12\/1701695068200-300x300.jpg 300w, http:\/\/radioluna.iesalbarregas.com\/wp-content\/uploads\/2023\/12\/1701695068200-150x150.jpg 150w, http:\/\/radioluna.iesalbarregas.com\/wp-content\/uploads\/2023\/12\/1701695068200-768x768.jpg 768w, http:\/\/radioluna.iesalbarregas.com\/wp-content\/uploads\/2023\/12\/1701695068200-1536x1536.jpg 1536w, http:\/\/radioluna.iesalbarregas.com\/wp-content\/uploads\/2023\/12\/1701695068200-2048x2048.jpg 2048w\" sizes=\"(max-width: 1024px) 100vw, 1024px\" \/><\/a><\/figure>\n\n\n\n<figure class=\"wp-block-image size-large\"><a href=\"http:\/\/radioluna.iesalbarregas.com\/wp-content\/uploads\/2023\/12\/1701695068212-scaled.jpg\"><img loading=\"lazy\" width=\"1024\" height=\"1024\" data-id=\"2009\"  src=\"http:\/\/radioluna.iesalbarregas.com\/wp-content\/uploads\/2023\/12\/1701695068212-1024x1024.jpg\" alt=\"\" class=\"wp-image-2009\" srcset=\"http:\/\/radioluna.iesalbarregas.com\/wp-content\/uploads\/2023\/12\/1701695068212-1024x1024.jpg 1024w, http:\/\/radioluna.iesalbarregas.com\/wp-content\/uploads\/2023\/12\/1701695068212-300x300.jpg 300w, http:\/\/radioluna.iesalbarregas.com\/wp-content\/uploads\/2023\/12\/1701695068212-150x150.jpg 150w, http:\/\/radioluna.iesalbarregas.com\/wp-content\/uploads\/2023\/12\/1701695068212-768x768.jpg 768w, http:\/\/radioluna.iesalbarregas.com\/wp-content\/uploads\/2023\/12\/1701695068212-1536x1536.jpg 1536w, http:\/\/radioluna.iesalbarregas.com\/wp-content\/uploads\/2023\/12\/1701695068212-2048x2048.jpg 2048w\" sizes=\"(max-width: 1024px) 100vw, 1024px\" \/><\/a><\/figure>\n\n\n\n<figure class=\"wp-block-image size-large\"><a href=\"http:\/\/radioluna.iesalbarregas.com\/wp-content\/uploads\/2023\/12\/1701695068224-scaled.jpg\"><img loading=\"lazy\" width=\"1024\" height=\"1024\" data-id=\"2005\"  src=\"http:\/\/radioluna.iesalbarregas.com\/wp-content\/uploads\/2023\/12\/1701695068224-1024x1024.jpg\" alt=\"\" class=\"wp-image-2005\" srcset=\"http:\/\/radioluna.iesalbarregas.com\/wp-content\/uploads\/2023\/12\/1701695068224-1024x1024.jpg 1024w, http:\/\/radioluna.iesalbarregas.com\/wp-content\/uploads\/2023\/12\/1701695068224-300x300.jpg 300w, http:\/\/radioluna.iesalbarregas.com\/wp-content\/uploads\/2023\/12\/1701695068224-150x150.jpg 150w, http:\/\/radioluna.iesalbarregas.com\/wp-content\/uploads\/2023\/12\/1701695068224-768x768.jpg 768w, http:\/\/radioluna.iesalbarregas.com\/wp-content\/uploads\/2023\/12\/1701695068224-1536x1536.jpg 1536w, http:\/\/radioluna.iesalbarregas.com\/wp-content\/uploads\/2023\/12\/1701695068224-2048x2048.jpg 2048w\" sizes=\"(max-width: 1024px) 100vw, 1024px\" \/><\/a><\/figure>\n\n\n\n<figure class=\"wp-block-image size-large\"><a href=\"http:\/\/radioluna.iesalbarregas.com\/wp-content\/uploads\/2023\/12\/1701694675930-scaled.jpg\"><img loading=\"lazy\" width=\"1024\" height=\"1024\" data-id=\"2007\"  src=\"http:\/\/radioluna.iesalbarregas.com\/wp-content\/uploads\/2023\/12\/1701694675930-1024x1024.jpg\" alt=\"\" class=\"wp-image-2007\" srcset=\"http:\/\/radioluna.iesalbarregas.com\/wp-content\/uploads\/2023\/12\/1701694675930-1024x1024.jpg 1024w, http:\/\/radioluna.iesalbarregas.com\/wp-content\/uploads\/2023\/12\/1701694675930-300x300.jpg 300w, http:\/\/radioluna.iesalbarregas.com\/wp-content\/uploads\/2023\/12\/1701694675930-150x150.jpg 150w, http:\/\/radioluna.iesalbarregas.com\/wp-content\/uploads\/2023\/12\/1701694675930-768x768.jpg 768w, http:\/\/radioluna.iesalbarregas.com\/wp-content\/uploads\/2023\/12\/1701694675930-1536x1536.jpg 1536w, http:\/\/radioluna.iesalbarregas.com\/wp-content\/uploads\/2023\/12\/1701694675930-2048x2048.jpg 2048w\" sizes=\"(max-width: 1024px) 100vw, 1024px\" \/><\/a><\/figure>\n\n\n\n<figure class=\"wp-block-image\"><img alt=\"\"\/><\/figure>\n<\/figure>\n","protected":false},"excerpt":{"rendered":"<p>Los alumnos de 2\u00baESO D junto con su profesora Lola S\u00e1nchez en la asignatura de Geograf\u00eda e Historia han estado investigando y conociendo la Edad Media y todas sus caracter\u00edsticas desde el punto de vista, econ\u00f3mico, social y pol\u00edtico, llegando &hellip; <a href=\"http:\/\/radioluna.iesalbarregas.com\/?p=2003\">Sigue leyendo <span class=\"meta-nav\">&rarr;<\/span><\/a><\/p>\n","protected":false},"author":2,"featured_media":0,"comment_status":"closed","ping_status":"closed","sticky":false,"template":"","format":"standard","meta":[],"categories":[9],"tags":[150,146],"_links":{"self":[{"href":"http:\/\/radioluna.iesalbarregas.com\/index.php?rest_route=\/wp\/v2\/posts\/2003"}],"collection":[{"href":"http:\/\/radioluna.iesalbarregas.com\/index.php?rest_route=\/wp\/v2\/posts"}],"about":[{"href":"http:\/\/radioluna.iesalbarregas.com\/index.php?rest_route=\/wp\/v2\/types\/post"}],"author":[{"embeddable":true,"href":"http:\/\/radioluna.iesalbarregas.com\/index.php?rest_route=\/wp\/v2\/users\/2"}],"replies":[{"embeddable":true,"href":"http:\/\/radioluna.iesalbarregas.com\/index.php?rest_route=%2Fwp%2Fv2%2Fcomments&post=2003"}],"version-history":[{"count":1,"href":"http:\/\/radioluna.iesalbarregas.com\/index.php?rest_route=\/wp\/v2\/posts\/2003\/revisions"}],"predecessor-version":[{"id":2010,"href":"http:\/\/radioluna.iesalbarregas.com\/index.php?rest_route=\/wp\/v2\/posts\/2003\/revisions\/2010"}],"wp:attachment":[{"href":"http:\/\/radioluna.iesalbarregas.com\/index.php?rest_route=%2Fwp%2Fv2%2Fmedia&parent=2003"}],"wp:term":[{"taxonomy":"category","embeddable":true,"href":"http:\/\/radioluna.iesalbarregas.com\/index.php?rest_route=%2Fwp%2Fv2%2Fcategories&post=2003"},{"taxonomy":"post_tag","embeddable":true,"href":"http:\/\/radioluna.iesalbarregas.com\/index.php?rest_route=%2Fwp%2Fv2%2Ftags&post=2003"}],"curies":[{"name":"wp","href":"https:\/\/api.w.org\/{rel}","templated":true}]}}