{"id":1987,"date":"2023-11-23T12:25:23","date_gmt":"2023-11-23T11:25:23","guid":{"rendered":"http:\/\/radioluna.iesalbarregas.com\/?p=1987"},"modified":"2023-11-23T12:25:23","modified_gmt":"2023-11-23T11:25:23","slug":"25n","status":"publish","type":"post","link":"http:\/\/radioluna.iesalbarregas.com\/?p=1987","title":{"rendered":"25N"},"content":{"rendered":"\n<figure class=\"wp-block-audio\"><audio controls src=\"http:\/\/radioluna.iesalbarregas.com\/wp-content\/uploads\/2023\/11\/25N.mp3\"><\/audio><\/figure>\n\n\n\n<p>El pr\u00f3ximo 25N se celebra el D\u00eda Internacional de la Eliminaci\u00f3n de la Violencia contra la Mujer. Coral Saavedra, Fernando del Puerto (ambos de 4\u00ba ESO) y Diana Guiti\u00e9rrez (2\u00baESO) han pasado por el estudio de Radio Luna para charlar sobre este d\u00eda.<\/p>\n\n\n\n<figure class=\"wp-block-gallery has-nested-images columns-default is-cropped\">\n<figure class=\"wp-block-image size-large\"><a href=\"http:\/\/radioluna.iesalbarregas.com\/wp-content\/uploads\/2023\/11\/storage_emulated_0_Android_data_com.miui_.gallery_cache_SecurityShare_1700738347147-scaled.jpg\"><img loading=\"lazy\" width=\"1024\" height=\"768\" data-id=\"1989\"  src=\"http:\/\/radioluna.iesalbarregas.com\/wp-content\/uploads\/2023\/11\/storage_emulated_0_Android_data_com.miui_.gallery_cache_SecurityShare_1700738347147-1024x768.jpg\" alt=\"\" class=\"wp-image-1989\" srcset=\"http:\/\/radioluna.iesalbarregas.com\/wp-content\/uploads\/2023\/11\/storage_emulated_0_Android_data_com.miui_.gallery_cache_SecurityShare_1700738347147-1024x768.jpg 1024w, http:\/\/radioluna.iesalbarregas.com\/wp-content\/uploads\/2023\/11\/storage_emulated_0_Android_data_com.miui_.gallery_cache_SecurityShare_1700738347147-300x225.jpg 300w, http:\/\/radioluna.iesalbarregas.com\/wp-content\/uploads\/2023\/11\/storage_emulated_0_Android_data_com.miui_.gallery_cache_SecurityShare_1700738347147-768x576.jpg 768w, http:\/\/radioluna.iesalbarregas.com\/wp-content\/uploads\/2023\/11\/storage_emulated_0_Android_data_com.miui_.gallery_cache_SecurityShare_1700738347147-1536x1152.jpg 1536w, http:\/\/radioluna.iesalbarregas.com\/wp-content\/uploads\/2023\/11\/storage_emulated_0_Android_data_com.miui_.gallery_cache_SecurityShare_1700738347147-2048x1536.jpg 2048w, http:\/\/radioluna.iesalbarregas.com\/wp-content\/uploads\/2023\/11\/storage_emulated_0_Android_data_com.miui_.gallery_cache_SecurityShare_1700738347147-400x300.jpg 400w\" sizes=\"(max-width: 1024px) 100vw, 1024px\" \/><\/a><\/figure>\n\n\n\n<figure class=\"wp-block-image size-large\"><a href=\"http:\/\/radioluna.iesalbarregas.com\/wp-content\/uploads\/2023\/11\/1700738347135-scaled.jpg\"><img loading=\"lazy\" width=\"1024\" height=\"768\" data-id=\"1990\"  src=\"http:\/\/radioluna.iesalbarregas.com\/wp-content\/uploads\/2023\/11\/1700738347135-1024x768.jpg\" alt=\"\" class=\"wp-image-1990\" srcset=\"http:\/\/radioluna.iesalbarregas.com\/wp-content\/uploads\/2023\/11\/1700738347135-1024x768.jpg 1024w, http:\/\/radioluna.iesalbarregas.com\/wp-content\/uploads\/2023\/11\/1700738347135-300x225.jpg 300w, http:\/\/radioluna.iesalbarregas.com\/wp-content\/uploads\/2023\/11\/1700738347135-768x576.jpg 768w, http:\/\/radioluna.iesalbarregas.com\/wp-content\/uploads\/2023\/11\/1700738347135-1536x1152.jpg 1536w, http:\/\/radioluna.iesalbarregas.com\/wp-content\/uploads\/2023\/11\/1700738347135-2048x1536.jpg 2048w, http:\/\/radioluna.iesalbarregas.com\/wp-content\/uploads\/2023\/11\/1700738347135-400x300.jpg 400w\" sizes=\"(max-width: 1024px) 100vw, 1024px\" \/><\/a><\/figure>\n<\/figure>\n","protected":false},"excerpt":{"rendered":"<p>El pr\u00f3ximo 25N se celebra el D\u00eda Internacional de la Eliminaci\u00f3n de la Violencia contra la Mujer. Coral Saavedra, Fernando del Puerto (ambos de 4\u00ba ESO) y Diana Guiti\u00e9rrez (2\u00baESO) han pasado por el estudio de Radio Luna para charlar &hellip; <a href=\"http:\/\/radioluna.iesalbarregas.com\/?p=1987\">Sigue leyendo <span class=\"meta-nav\">&rarr;<\/span><\/a><\/p>\n","protected":false},"author":2,"featured_media":0,"comment_status":"closed","ping_status":"closed","sticky":false,"template":"","format":"standard","meta":[],"categories":[9],"tags":[143,146],"_links":{"self":[{"href":"http:\/\/radioluna.iesalbarregas.com\/index.php?rest_route=\/wp\/v2\/posts\/1987"}],"collection":[{"href":"http:\/\/radioluna.iesalbarregas.com\/index.php?rest_route=\/wp\/v2\/posts"}],"about":[{"href":"http:\/\/radioluna.iesalbarregas.com\/index.php?rest_route=\/wp\/v2\/types\/post"}],"author":[{"embeddable":true,"href":"http:\/\/radioluna.iesalbarregas.com\/index.php?rest_route=\/wp\/v2\/users\/2"}],"replies":[{"embeddable":true,"href":"http:\/\/radioluna.iesalbarregas.com\/index.php?rest_route=%2Fwp%2Fv2%2Fcomments&post=1987"}],"version-history":[{"count":1,"href":"http:\/\/radioluna.iesalbarregas.com\/index.php?rest_route=\/wp\/v2\/posts\/1987\/revisions"}],"predecessor-version":[{"id":1991,"href":"http:\/\/radioluna.iesalbarregas.com\/index.php?rest_route=\/wp\/v2\/posts\/1987\/revisions\/1991"}],"wp:attachment":[{"href":"http:\/\/radioluna.iesalbarregas.com\/index.php?rest_route=%2Fwp%2Fv2%2Fmedia&parent=1987"}],"wp:term":[{"taxonomy":"category","embeddable":true,"href":"http:\/\/radioluna.iesalbarregas.com\/index.php?rest_route=%2Fwp%2Fv2%2Fcategories&post=1987"},{"taxonomy":"post_tag","embeddable":true,"href":"http:\/\/radioluna.iesalbarregas.com\/index.php?rest_route=%2Fwp%2Fv2%2Ftags&post=1987"}],"curies":[{"name":"wp","href":"https:\/\/api.w.org\/{rel}","templated":true}]}}