{"id":1975,"date":"2023-11-22T12:08:48","date_gmt":"2023-11-22T11:08:48","guid":{"rendered":"http:\/\/radioluna.iesalbarregas.com\/?p=1975"},"modified":"2023-11-22T12:08:48","modified_gmt":"2023-11-22T11:08:48","slug":"embajadores-olimpicos","status":"publish","type":"post","link":"http:\/\/radioluna.iesalbarregas.com\/?p=1975","title":{"rendered":"EMBAJADORES OL\u00cdMPICOS"},"content":{"rendered":"\n<figure class=\"wp-block-audio\"><audio controls src=\"http:\/\/radioluna.iesalbarregas.com\/wp-content\/uploads\/2023\/11\/Gimnasia-Ritmica.mp3\"><\/audio><\/figure>\n\n\n\n<p>El jueves 16 de noviembre, se desarrollo en nuestro centro educativo una jornada sobre el impulso y fomento de los valores en el deporte, perteneciente al Proyecto \u201cEmbajadores Ol\u00edmpicos \u2013 Copa Diputaci\u00f3n de Badajoz\u201d, gestionada y organizada por la Federaci\u00f3n Extreme\u00f1a de Gimnasia junto con la Diputaci\u00f3n de Badajoz.<\/p>\n\n\n\n<p>Recibimos como ponentes a Laura Campos (exgimnasta profesional de m\u00e1ximo nivel \u2013 ol\u00edmpica en dos ocasiones) y a Fernando Molina (presidente de la Federaci\u00f3n Extreme\u00f1a de Gimnasia).<\/p>\n\n\n\n<p>La idea principal del proyecto y de la jornada se centra en acercar al alumnado a los valores del movimiento ol\u00edmpico (como son la disciplina, esfuerzo, sacrificio\u2026), adem\u00e1s de divulgar los conocimientos t\u00e9cnicos de la gimnasia y sus diferentes modalidades a trav\u00e9s de una din\u00e1mica te\u00f3rico \u2013 pr\u00e1ctica.<\/p>\n\n\n\n<p>La jornada \/ sesi\u00f3n se dividi\u00f3 en dos partes: una primera consistente en una charla coloquio dirigida a los cursos de 2\u00ba de la ESO C y D donde los ponentes explicaron esos valores y su experiencia deportiva, interactuando y haciendo en todo momento part\u00edcipe al alumnado asistente.<\/p>\n\n\n\n<p>Tras la charla, la segunda parte se desarroll\u00f3 en el pabell\u00f3n deportivo del les donde organizaron una exhibici\u00f3n y una master class conjunta. El alumnado asistente visualiz\u00f3, aprendi\u00f3 y realiz\u00f3 elementos t\u00e9cnicos espec\u00edficos de estas disciplinas deportivas.<\/p>\n\n\n\n<p>La jornada concluy\u00f3 con una entrevista en \u201cRadio Luna\u201d. Cuatro de los alumnos asistentes le hicieron una serie de preguntas a los ponentes sobre sus experiencias, vivencias y an\u00e9cdotas deportivas y sobre la finalidad y objetivos que persigue el proyecto que difunden a nivel educativo en distintos centros escolares de Extremadura.<\/p>\n\n\n\n<figure class=\"wp-block-gallery has-nested-images columns-default is-cropped\">\n<figure class=\"wp-block-image size-large\"><a href=\"http:\/\/radioluna.iesalbarregas.com\/wp-content\/uploads\/2023\/11\/1700132342926-1-scaled.jpg\"><img loading=\"lazy\" width=\"1024\" height=\"768\" data-id=\"1983\"  src=\"http:\/\/radioluna.iesalbarregas.com\/wp-content\/uploads\/2023\/11\/1700132342926-1-1024x768.jpg\" alt=\"\" class=\"wp-image-1983\" srcset=\"http:\/\/radioluna.iesalbarregas.com\/wp-content\/uploads\/2023\/11\/1700132342926-1-1024x768.jpg 1024w, http:\/\/radioluna.iesalbarregas.com\/wp-content\/uploads\/2023\/11\/1700132342926-1-300x225.jpg 300w, http:\/\/radioluna.iesalbarregas.com\/wp-content\/uploads\/2023\/11\/1700132342926-1-768x576.jpg 768w, http:\/\/radioluna.iesalbarregas.com\/wp-content\/uploads\/2023\/11\/1700132342926-1-1536x1152.jpg 1536w, http:\/\/radioluna.iesalbarregas.com\/wp-content\/uploads\/2023\/11\/1700132342926-1-2048x1536.jpg 2048w, http:\/\/radioluna.iesalbarregas.com\/wp-content\/uploads\/2023\/11\/1700132342926-1-400x300.jpg 400w\" sizes=\"(max-width: 1024px) 100vw, 1024px\" \/><\/a><\/figure>\n\n\n\n<figure class=\"wp-block-image size-large\"><a href=\"http:\/\/radioluna.iesalbarregas.com\/wp-content\/uploads\/2023\/11\/WhatsApp-Image-2023-11-19-at-14.49.41-1.jpeg\"><img loading=\"lazy\" width=\"1024\" height=\"768\" data-id=\"1977\"  src=\"http:\/\/radioluna.iesalbarregas.com\/wp-content\/uploads\/2023\/11\/WhatsApp-Image-2023-11-19-at-14.49.41-1-1024x768.jpeg\" alt=\"\" class=\"wp-image-1977\" srcset=\"http:\/\/radioluna.iesalbarregas.com\/wp-content\/uploads\/2023\/11\/WhatsApp-Image-2023-11-19-at-14.49.41-1-1024x768.jpeg 1024w, http:\/\/radioluna.iesalbarregas.com\/wp-content\/uploads\/2023\/11\/WhatsApp-Image-2023-11-19-at-14.49.41-1-300x225.jpeg 300w, http:\/\/radioluna.iesalbarregas.com\/wp-content\/uploads\/2023\/11\/WhatsApp-Image-2023-11-19-at-14.49.41-1-768x576.jpeg 768w, http:\/\/radioluna.iesalbarregas.com\/wp-content\/uploads\/2023\/11\/WhatsApp-Image-2023-11-19-at-14.49.41-1-1536x1152.jpeg 1536w, http:\/\/radioluna.iesalbarregas.com\/wp-content\/uploads\/2023\/11\/WhatsApp-Image-2023-11-19-at-14.49.41-1-400x300.jpeg 400w, http:\/\/radioluna.iesalbarregas.com\/wp-content\/uploads\/2023\/11\/WhatsApp-Image-2023-11-19-at-14.49.41-1.jpeg 2048w\" sizes=\"(max-width: 1024px) 100vw, 1024px\" \/><\/a><\/figure>\n\n\n\n<figure class=\"wp-block-image size-large\"><a href=\"http:\/\/radioluna.iesalbarregas.com\/wp-content\/uploads\/2023\/11\/1700132342966-scaled.jpg\"><img loading=\"lazy\" width=\"1024\" height=\"768\" data-id=\"1978\"  src=\"http:\/\/radioluna.iesalbarregas.com\/wp-content\/uploads\/2023\/11\/1700132342966-1024x768.jpg\" alt=\"\" class=\"wp-image-1978\" srcset=\"http:\/\/radioluna.iesalbarregas.com\/wp-content\/uploads\/2023\/11\/1700132342966-1024x768.jpg 1024w, http:\/\/radioluna.iesalbarregas.com\/wp-content\/uploads\/2023\/11\/1700132342966-300x225.jpg 300w, http:\/\/radioluna.iesalbarregas.com\/wp-content\/uploads\/2023\/11\/1700132342966-768x576.jpg 768w, http:\/\/radioluna.iesalbarregas.com\/wp-content\/uploads\/2023\/11\/1700132342966-1536x1152.jpg 1536w, http:\/\/radioluna.iesalbarregas.com\/wp-content\/uploads\/2023\/11\/1700132342966-2048x1536.jpg 2048w, http:\/\/radioluna.iesalbarregas.com\/wp-content\/uploads\/2023\/11\/1700132342966-400x300.jpg 400w\" sizes=\"(max-width: 1024px) 100vw, 1024px\" \/><\/a><\/figure>\n<\/figure>\n\n\n\n<figure class=\"wp-block-image size-large\"><a href=\"http:\/\/radioluna.iesalbarregas.com\/wp-content\/uploads\/2023\/11\/1700132342915-scaled.jpg\"><img loading=\"lazy\" width=\"1024\" height=\"768\" src=\"http:\/\/radioluna.iesalbarregas.com\/wp-content\/uploads\/2023\/11\/1700132342915-1024x768.jpg\" alt=\"\" class=\"wp-image-1984\" srcset=\"http:\/\/radioluna.iesalbarregas.com\/wp-content\/uploads\/2023\/11\/1700132342915-1024x768.jpg 1024w, http:\/\/radioluna.iesalbarregas.com\/wp-content\/uploads\/2023\/11\/1700132342915-300x225.jpg 300w, http:\/\/radioluna.iesalbarregas.com\/wp-content\/uploads\/2023\/11\/1700132342915-768x576.jpg 768w, http:\/\/radioluna.iesalbarregas.com\/wp-content\/uploads\/2023\/11\/1700132342915-1536x1152.jpg 1536w, http:\/\/radioluna.iesalbarregas.com\/wp-content\/uploads\/2023\/11\/1700132342915-2048x1536.jpg 2048w, http:\/\/radioluna.iesalbarregas.com\/wp-content\/uploads\/2023\/11\/1700132342915-400x300.jpg 400w\" sizes=\"(max-width: 1024px) 100vw, 1024px\" \/><\/a><\/figure>\n","protected":false},"excerpt":{"rendered":"<p>El jueves 16 de noviembre, se desarrollo en nuestro centro educativo una jornada sobre el impulso y fomento de los valores en el deporte, perteneciente al Proyecto \u201cEmbajadores Ol\u00edmpicos \u2013 Copa Diputaci\u00f3n de Badajoz\u201d, gestionada y organizada por la Federaci\u00f3n &hellip; <a href=\"http:\/\/radioluna.iesalbarregas.com\/?p=1975\">Sigue leyendo <span class=\"meta-nav\">&rarr;<\/span><\/a><\/p>\n","protected":false},"author":2,"featured_media":0,"comment_status":"closed","ping_status":"closed","sticky":false,"template":"","format":"standard","meta":[],"categories":[1],"tags":[146,147],"_links":{"self":[{"href":"http:\/\/radioluna.iesalbarregas.com\/index.php?rest_route=\/wp\/v2\/posts\/1975"}],"collection":[{"href":"http:\/\/radioluna.iesalbarregas.com\/index.php?rest_route=\/wp\/v2\/posts"}],"about":[{"href":"http:\/\/radioluna.iesalbarregas.com\/index.php?rest_route=\/wp\/v2\/types\/post"}],"author":[{"embeddable":true,"href":"http:\/\/radioluna.iesalbarregas.com\/index.php?rest_route=\/wp\/v2\/users\/2"}],"replies":[{"embeddable":true,"href":"http:\/\/radioluna.iesalbarregas.com\/index.php?rest_route=%2Fwp%2Fv2%2Fcomments&post=1975"}],"version-history":[{"count":1,"href":"http:\/\/radioluna.iesalbarregas.com\/index.php?rest_route=\/wp\/v2\/posts\/1975\/revisions"}],"predecessor-version":[{"id":1986,"href":"http:\/\/radioluna.iesalbarregas.com\/index.php?rest_route=\/wp\/v2\/posts\/1975\/revisions\/1986"}],"wp:attachment":[{"href":"http:\/\/radioluna.iesalbarregas.com\/index.php?rest_route=%2Fwp%2Fv2%2Fmedia&parent=1975"}],"wp:term":[{"taxonomy":"category","embeddable":true,"href":"http:\/\/radioluna.iesalbarregas.com\/index.php?rest_route=%2Fwp%2Fv2%2Fcategories&post=1975"},{"taxonomy":"post_tag","embeddable":true,"href":"http:\/\/radioluna.iesalbarregas.com\/index.php?rest_route=%2Fwp%2Fv2%2Ftags&post=1975"}],"curies":[{"name":"wp","href":"https:\/\/api.w.org\/{rel}","templated":true}]}}