{"id":1966,"date":"2023-11-06T14:16:47","date_gmt":"2023-11-06T13:16:47","guid":{"rendered":"http:\/\/radioluna.iesalbarregas.com\/?p=1966"},"modified":"2023-11-21T13:09:50","modified_gmt":"2023-11-21T12:09:50","slug":"radioafi","status":"publish","type":"post","link":"http:\/\/radioluna.iesalbarregas.com\/?p=1966","title":{"rendered":"RADIOAFI"},"content":{"rendered":"\n<p>\u00a1\u00a1\u00a1Arranca la 3\u00aa temporada de RadioAFI!! \ud83d\ude09<\/p>\n\n\n\n<p>Y lo hacen estrenando cabecera y conociendo al nuevo grupo de AFI1. \u00bfC\u00f3mo se llaman? \u00bfDe d\u00f3nde son? \u00bfQu\u00e9 se les da bien hacer? \u00bfDe qu\u00e9 les gustar\u00eda hablar en los pr\u00f3ximos programas?<\/p>\n\n\n\n<p>Pod\u00e9is ver el programa completo en:<\/p>\n\n\n\n<figure class=\"wp-block-embed is-type-video is-provider-youtube wp-block-embed-youtube wp-embed-aspect-16-9 wp-has-aspect-ratio\"><div class=\"wp-block-embed__wrapper\">\n<iframe loading=\"lazy\" title=\"Presentaci\u00f3n Nuevo Grupo AFI1\" width=\"584\" height=\"329\" src=\"https:\/\/www.youtube.com\/embed\/WrRfqEvnZS8?feature=oembed\" frameborder=\"0\" allow=\"accelerometer; autoplay; clipboard-write; encrypted-media; gyroscope; picture-in-picture; web-share\" allowfullscreen><\/iframe>\n<\/div><\/figure>\n\n\n\n<p>\u00a1\u00a1Esperan vuestros comentarios!! Y dadle mucho LOVEEE <a href=\"https:\/\/www.youtube.com\/hashtag\/radio\" target=\"_blank\" rel=\"noreferrer noopener\">#radio<\/a>&nbsp;<a href=\"https:\/\/www.youtube.com\/hashtag\/radioafi\" target=\"_blank\" rel=\"noreferrer noopener\">#radioafi<\/a>&nbsp;<a href=\"https:\/\/www.youtube.com\/hashtag\/radioluna\" target=\"_blank\" rel=\"noreferrer noopener\">#radioluna<\/a>&nbsp;<a href=\"https:\/\/www.youtube.com\/hashtag\/radioedu\" target=\"_blank\" rel=\"noreferrer noopener\">#radioedu<\/a>&nbsp;<a href=\"https:\/\/www.youtube.com\/hashtag\/radioeducaci%C3%B3n\" target=\"_blank\" rel=\"noreferrer noopener\">#radioeducaci\u00f3n<\/a>&nbsp;<a href=\"https:\/\/www.youtube.com\/hashtag\/iesalbarregas\" target=\"_blank\" rel=\"noreferrer noopener\">#iesalbarregas<\/a>&nbsp;<a href=\"https:\/\/www.youtube.com\/hashtag\/esp%C3%ADritualbarregas\" target=\"_blank\" rel=\"noreferrer noopener\">#esp\u00edritualbarregas<\/a>&nbsp;<a href=\"https:\/\/www.youtube.com\/hashtag\/m%C3%A9rida\" target=\"_blank\" rel=\"noreferrer noopener\">#m\u00e9rida<\/a>&nbsp;<a href=\"https:\/\/www.youtube.com\/hashtag\/extremadura\" target=\"_blank\" rel=\"noreferrer noopener\">#extremadura<\/a>&nbsp;<a href=\"https:\/\/www.youtube.com\/hashtag\/auladeemprendimiento\" target=\"_blank\" rel=\"noreferrer noopener\">#auladeemprendimiento<\/a>&nbsp;<a href=\"https:\/\/www.youtube.com\/hashtag\/comunicaci%C3%B3n\" target=\"_blank\" rel=\"noreferrer noopener\">#comunicaci\u00f3n<\/a>&nbsp;<a href=\"https:\/\/www.youtube.com\/hashtag\/culturaemprendedora\" target=\"_blank\" rel=\"noreferrer noopener\">#culturaemprendedora<\/a><\/p>\n\n\n\n<figure class=\"wp-block-gallery has-nested-images columns-default is-cropped\">\n<figure class=\"wp-block-image size-large\"><a href=\"http:\/\/radioluna.iesalbarregas.com\/wp-content\/uploads\/2023\/11\/IMG_6425_min-scaled.jpg\"><img loading=\"lazy\" width=\"1024\" height=\"768\" data-id=\"1968\"  src=\"http:\/\/radioluna.iesalbarregas.com\/wp-content\/uploads\/2023\/11\/IMG_6425_min-1024x768.jpg\" alt=\"\" class=\"wp-image-1968\" srcset=\"http:\/\/radioluna.iesalbarregas.com\/wp-content\/uploads\/2023\/11\/IMG_6425_min-1024x768.jpg 1024w, http:\/\/radioluna.iesalbarregas.com\/wp-content\/uploads\/2023\/11\/IMG_6425_min-300x225.jpg 300w, http:\/\/radioluna.iesalbarregas.com\/wp-content\/uploads\/2023\/11\/IMG_6425_min-768x576.jpg 768w, http:\/\/radioluna.iesalbarregas.com\/wp-content\/uploads\/2023\/11\/IMG_6425_min-1536x1152.jpg 1536w, http:\/\/radioluna.iesalbarregas.com\/wp-content\/uploads\/2023\/11\/IMG_6425_min-2048x1536.jpg 2048w, http:\/\/radioluna.iesalbarregas.com\/wp-content\/uploads\/2023\/11\/IMG_6425_min-400x300.jpg 400w\" sizes=\"(max-width: 1024px) 100vw, 1024px\" \/><\/a><\/figure>\n\n\n\n<figure class=\"wp-block-image size-large\"><a href=\"http:\/\/radioluna.iesalbarregas.com\/wp-content\/uploads\/2023\/11\/20231023_191127_min-scaled.jpg\"><img loading=\"lazy\" width=\"1024\" height=\"768\" data-id=\"1967\"  src=\"http:\/\/radioluna.iesalbarregas.com\/wp-content\/uploads\/2023\/11\/20231023_191127_min-1024x768.jpg\" alt=\"\" class=\"wp-image-1967\" srcset=\"http:\/\/radioluna.iesalbarregas.com\/wp-content\/uploads\/2023\/11\/20231023_191127_min-1024x768.jpg 1024w, http:\/\/radioluna.iesalbarregas.com\/wp-content\/uploads\/2023\/11\/20231023_191127_min-300x225.jpg 300w, http:\/\/radioluna.iesalbarregas.com\/wp-content\/uploads\/2023\/11\/20231023_191127_min-768x576.jpg 768w, http:\/\/radioluna.iesalbarregas.com\/wp-content\/uploads\/2023\/11\/20231023_191127_min-1536x1152.jpg 1536w, http:\/\/radioluna.iesalbarregas.com\/wp-content\/uploads\/2023\/11\/20231023_191127_min-2048x1536.jpg 2048w, http:\/\/radioluna.iesalbarregas.com\/wp-content\/uploads\/2023\/11\/20231023_191127_min-400x300.jpg 400w\" sizes=\"(max-width: 1024px) 100vw, 1024px\" \/><\/a><\/figure>\n\n\n\n<figure class=\"wp-block-image size-large\"><a href=\"http:\/\/radioluna.iesalbarregas.com\/wp-content\/uploads\/2023\/11\/IMG_6462_min-2-scaled.jpg\"><img loading=\"lazy\" width=\"573\" height=\"1024\" data-id=\"1973\"  src=\"http:\/\/radioluna.iesalbarregas.com\/wp-content\/uploads\/2023\/11\/IMG_6462_min-2-573x1024.jpg\" alt=\"\" class=\"wp-image-1973\" srcset=\"http:\/\/radioluna.iesalbarregas.com\/wp-content\/uploads\/2023\/11\/IMG_6462_min-2-573x1024.jpg 573w, http:\/\/radioluna.iesalbarregas.com\/wp-content\/uploads\/2023\/11\/IMG_6462_min-2-168x300.jpg 168w, http:\/\/radioluna.iesalbarregas.com\/wp-content\/uploads\/2023\/11\/IMG_6462_min-2-768x1374.jpg 768w, http:\/\/radioluna.iesalbarregas.com\/wp-content\/uploads\/2023\/11\/IMG_6462_min-2-859x1536.jpg 859w, http:\/\/radioluna.iesalbarregas.com\/wp-content\/uploads\/2023\/11\/IMG_6462_min-2-1145x2048.jpg 1145w, http:\/\/radioluna.iesalbarregas.com\/wp-content\/uploads\/2023\/11\/IMG_6462_min-2-scaled.jpg 1431w\" sizes=\"(max-width: 573px) 100vw, 573px\" \/><\/a><\/figure>\n<\/figure>\n\n\n\n<figure class=\"wp-block-image size-large\"><a href=\"http:\/\/radioluna.iesalbarregas.com\/wp-content\/uploads\/2023\/11\/IMG_6445_min-1-scaled.jpg\"><img loading=\"lazy\" width=\"768\" height=\"1024\" src=\"http:\/\/radioluna.iesalbarregas.com\/wp-content\/uploads\/2023\/11\/IMG_6445_min-1-768x1024.jpg\" alt=\"\" class=\"wp-image-1971\" srcset=\"http:\/\/radioluna.iesalbarregas.com\/wp-content\/uploads\/2023\/11\/IMG_6445_min-1-768x1024.jpg 768w, http:\/\/radioluna.iesalbarregas.com\/wp-content\/uploads\/2023\/11\/IMG_6445_min-1-225x300.jpg 225w, http:\/\/radioluna.iesalbarregas.com\/wp-content\/uploads\/2023\/11\/IMG_6445_min-1-1152x1536.jpg 1152w, http:\/\/radioluna.iesalbarregas.com\/wp-content\/uploads\/2023\/11\/IMG_6445_min-1-1536x2048.jpg 1536w, http:\/\/radioluna.iesalbarregas.com\/wp-content\/uploads\/2023\/11\/IMG_6445_min-1-scaled.jpg 1920w\" sizes=\"(max-width: 768px) 100vw, 768px\" \/><\/a><\/figure>\n","protected":false},"excerpt":{"rendered":"<p>\u00a1\u00a1\u00a1Arranca la 3\u00aa temporada de RadioAFI!! \ud83d\ude09 Y lo hacen estrenando cabecera y conociendo al nuevo grupo de AFI1. \u00bfC\u00f3mo se llaman? \u00bfDe d\u00f3nde son? \u00bfQu\u00e9 se les da bien hacer? \u00bfDe qu\u00e9 les gustar\u00eda hablar en los pr\u00f3ximos programas? &hellip; <a href=\"http:\/\/radioluna.iesalbarregas.com\/?p=1966\">Sigue leyendo <span class=\"meta-nav\">&rarr;<\/span><\/a><\/p>\n","protected":false},"author":2,"featured_media":0,"comment_status":"closed","ping_status":"closed","sticky":false,"template":"","format":"standard","meta":[],"categories":[9,44],"tags":[145,146],"_links":{"self":[{"href":"http:\/\/radioluna.iesalbarregas.com\/index.php?rest_route=\/wp\/v2\/posts\/1966"}],"collection":[{"href":"http:\/\/radioluna.iesalbarregas.com\/index.php?rest_route=\/wp\/v2\/posts"}],"about":[{"href":"http:\/\/radioluna.iesalbarregas.com\/index.php?rest_route=\/wp\/v2\/types\/post"}],"author":[{"embeddable":true,"href":"http:\/\/radioluna.iesalbarregas.com\/index.php?rest_route=\/wp\/v2\/users\/2"}],"replies":[{"embeddable":true,"href":"http:\/\/radioluna.iesalbarregas.com\/index.php?rest_route=%2Fwp%2Fv2%2Fcomments&post=1966"}],"version-history":[{"count":1,"href":"http:\/\/radioluna.iesalbarregas.com\/index.php?rest_route=\/wp\/v2\/posts\/1966\/revisions"}],"predecessor-version":[{"id":1974,"href":"http:\/\/radioluna.iesalbarregas.com\/index.php?rest_route=\/wp\/v2\/posts\/1966\/revisions\/1974"}],"wp:attachment":[{"href":"http:\/\/radioluna.iesalbarregas.com\/index.php?rest_route=%2Fwp%2Fv2%2Fmedia&parent=1966"}],"wp:term":[{"taxonomy":"category","embeddable":true,"href":"http:\/\/radioluna.iesalbarregas.com\/index.php?rest_route=%2Fwp%2Fv2%2Fcategories&post=1966"},{"taxonomy":"post_tag","embeddable":true,"href":"http:\/\/radioluna.iesalbarregas.com\/index.php?rest_route=%2Fwp%2Fv2%2Ftags&post=1966"}],"curies":[{"name":"wp","href":"https:\/\/api.w.org\/{rel}","templated":true}]}}