{"id":1949,"date":"2023-05-30T11:55:01","date_gmt":"2023-05-30T10:55:01","guid":{"rendered":"http:\/\/radioluna.iesalbarregas.com\/?p=1949"},"modified":"2023-05-30T11:55:01","modified_gmt":"2023-05-30T10:55:01","slug":"radio-afi-ultimo-programa-de-la-temporada","status":"publish","type":"post","link":"http:\/\/radioluna.iesalbarregas.com\/?p=1949","title":{"rendered":"RADIO AFI: \u00daLTIMO PROGRAMA DE LA TEMPORADA"},"content":{"rendered":"\n<p><strong>Rosa Cidoncha,&nbsp;Elena Barjola,&nbsp;Elisa Espinosa y Claudia Bernet hacen un balance de AFI1,&nbsp;de la FP Dual,&nbsp;de RadioAfi y&#8230;.&nbsp;mucho m\u00e1s!! Un programa muy divertido para celebrar este fin de temporada.<\/strong><\/p>\n\n\n\n<p><strong>\u00a1\u00a1Volvemos al curso que viene!!!<\/strong><\/p>\n\n\n\n<p><strong>#radioafi #radioedu #radioluna #afi #administraci\u00f3nyfinanzas #dual #institutoalbarregas #ilovealbarregas #m\u00e9rida #eduaci\u00f3n #extremadura\u00bb.<\/strong><\/p>\n\n\n\n<figure class=\"wp-block-embed is-type-video is-provider-youtube wp-block-embed-youtube wp-embed-aspect-16-9 wp-has-aspect-ratio\"><div class=\"wp-block-embed__wrapper\">\n<iframe loading=\"lazy\" title=\"\u00a1\u00a1\u00daLTIMO PROGRAMA DE LA TEMPORADA!!\ud83d\udca5\ud83d\udcaf\u2764\ud83d\udc4c\ud83c\udffc\ud83d\udc83\" width=\"584\" height=\"329\" src=\"https:\/\/www.youtube.com\/embed\/TMZuoqDJPE8?feature=oembed\" frameborder=\"0\" allow=\"accelerometer; autoplay; clipboard-write; encrypted-media; gyroscope; picture-in-picture; web-share\" referrerpolicy=\"strict-origin-when-cross-origin\" allowfullscreen><\/iframe>\n<\/div><\/figure>\n\n\n\n<figure class=\"wp-block-image size-large\"><a href=\"http:\/\/radioluna.iesalbarregas.com\/wp-content\/uploads\/2023\/05\/20230526_191453-scaled.jpg\"><img loading=\"lazy\" width=\"1024\" height=\"576\" src=\"http:\/\/radioluna.iesalbarregas.com\/wp-content\/uploads\/2023\/05\/20230526_191453-1024x576.jpg\" alt=\"\" class=\"wp-image-1950\" srcset=\"http:\/\/radioluna.iesalbarregas.com\/wp-content\/uploads\/2023\/05\/20230526_191453-1024x576.jpg 1024w, http:\/\/radioluna.iesalbarregas.com\/wp-content\/uploads\/2023\/05\/20230526_191453-300x169.jpg 300w, http:\/\/radioluna.iesalbarregas.com\/wp-content\/uploads\/2023\/05\/20230526_191453-768x432.jpg 768w, http:\/\/radioluna.iesalbarregas.com\/wp-content\/uploads\/2023\/05\/20230526_191453-1536x864.jpg 1536w, http:\/\/radioluna.iesalbarregas.com\/wp-content\/uploads\/2023\/05\/20230526_191453-2048x1152.jpg 2048w, http:\/\/radioluna.iesalbarregas.com\/wp-content\/uploads\/2023\/05\/20230526_191453-500x281.jpg 500w\" sizes=\"(max-width: 1024px) 100vw, 1024px\" \/><\/a><\/figure>\n","protected":false},"excerpt":{"rendered":"<p>Rosa Cidoncha,&nbsp;Elena Barjola,&nbsp;Elisa Espinosa y Claudia Bernet hacen un balance de AFI1,&nbsp;de la FP Dual,&nbsp;de RadioAfi y&#8230;.&nbsp;mucho m\u00e1s!! Un programa muy divertido para celebrar este fin de temporada. \u00a1\u00a1Volvemos al curso que viene!!! #radioafi #radioedu #radioluna #afi #administraci\u00f3nyfinanzas #dual #institutoalbarregas &hellip; <a href=\"http:\/\/radioluna.iesalbarregas.com\/?p=1949\">Sigue leyendo <span class=\"meta-nav\">&rarr;<\/span><\/a><\/p>\n","protected":false},"author":2,"featured_media":0,"comment_status":"closed","ping_status":"closed","sticky":false,"template":"","format":"standard","meta":[],"categories":[9,44],"tags":[122],"_links":{"self":[{"href":"http:\/\/radioluna.iesalbarregas.com\/index.php?rest_route=\/wp\/v2\/posts\/1949"}],"collection":[{"href":"http:\/\/radioluna.iesalbarregas.com\/index.php?rest_route=\/wp\/v2\/posts"}],"about":[{"href":"http:\/\/radioluna.iesalbarregas.com\/index.php?rest_route=\/wp\/v2\/types\/post"}],"author":[{"embeddable":true,"href":"http:\/\/radioluna.iesalbarregas.com\/index.php?rest_route=\/wp\/v2\/users\/2"}],"replies":[{"embeddable":true,"href":"http:\/\/radioluna.iesalbarregas.com\/index.php?rest_route=%2Fwp%2Fv2%2Fcomments&post=1949"}],"version-history":[{"count":1,"href":"http:\/\/radioluna.iesalbarregas.com\/index.php?rest_route=\/wp\/v2\/posts\/1949\/revisions"}],"predecessor-version":[{"id":1951,"href":"http:\/\/radioluna.iesalbarregas.com\/index.php?rest_route=\/wp\/v2\/posts\/1949\/revisions\/1951"}],"wp:attachment":[{"href":"http:\/\/radioluna.iesalbarregas.com\/index.php?rest_route=%2Fwp%2Fv2%2Fmedia&parent=1949"}],"wp:term":[{"taxonomy":"category","embeddable":true,"href":"http:\/\/radioluna.iesalbarregas.com\/index.php?rest_route=%2Fwp%2Fv2%2Fcategories&post=1949"},{"taxonomy":"post_tag","embeddable":true,"href":"http:\/\/radioluna.iesalbarregas.com\/index.php?rest_route=%2Fwp%2Fv2%2Ftags&post=1949"}],"curies":[{"name":"wp","href":"https:\/\/api.w.org\/{rel}","templated":true}]}}