{"id":1935,"date":"2023-05-16T10:55:08","date_gmt":"2023-05-16T09:55:08","guid":{"rendered":"http:\/\/radioluna.iesalbarregas.com\/?p=1935"},"modified":"2023-05-16T10:55:08","modified_gmt":"2023-05-16T09:55:08","slug":"entrevista-a-la-escritora-elena-marques","status":"publish","type":"post","link":"http:\/\/radioluna.iesalbarregas.com\/?p=1935","title":{"rendered":"ENTREVISTA A LA ESCRITORA ELENA MARQU\u00c9S"},"content":{"rendered":"\n<figure class=\"wp-block-audio\"><audio controls src=\"http:\/\/radioluna.iesalbarregas.com\/wp-content\/uploads\/2023\/05\/Entrevista-Elena-Valles-escritora-.mp3\"><\/audio><\/figure>\n\n\n\n<p>\u00abEl pasado d\u00eda 5 de mayo tuvimos el honor de recibir en el IES Albarregas a la escritora y correctora de textos Elena Marqu\u00e9s, quien ha sido galardonada en numerosos cert\u00e1menes literarios. Se realiz\u00f3 un encuentro literario con alumnos de 4\u00ba de ESO a los que les mostr\u00f3 su proceso creativo; posteriormente, realiz\u00f3 un taller de haikus con alumnos de 1\u00ba de ESO A. Como cierre, algunos alumnos le realizaron una entrevista en nuestra radio.\u00bb<\/p>\n\n\n\n<figure class=\"wp-block-gallery has-nested-images columns-default is-cropped\">\n<figure class=\"wp-block-image size-large\"><a href=\"http:\/\/radioluna.iesalbarregas.com\/wp-content\/uploads\/2023\/05\/Elena-Valles-3-scaled.jpg\"><img loading=\"lazy\" width=\"1024\" height=\"768\" data-id=\"1939\"  src=\"http:\/\/radioluna.iesalbarregas.com\/wp-content\/uploads\/2023\/05\/Elena-Valles-3-1024x768.jpg\" alt=\"\" class=\"wp-image-1939\" srcset=\"http:\/\/radioluna.iesalbarregas.com\/wp-content\/uploads\/2023\/05\/Elena-Valles-3-1024x768.jpg 1024w, http:\/\/radioluna.iesalbarregas.com\/wp-content\/uploads\/2023\/05\/Elena-Valles-3-300x225.jpg 300w, http:\/\/radioluna.iesalbarregas.com\/wp-content\/uploads\/2023\/05\/Elena-Valles-3-768x576.jpg 768w, http:\/\/radioluna.iesalbarregas.com\/wp-content\/uploads\/2023\/05\/Elena-Valles-3-1536x1152.jpg 1536w, http:\/\/radioluna.iesalbarregas.com\/wp-content\/uploads\/2023\/05\/Elena-Valles-3-2048x1536.jpg 2048w, http:\/\/radioluna.iesalbarregas.com\/wp-content\/uploads\/2023\/05\/Elena-Valles-3-400x300.jpg 400w\" sizes=\"(max-width: 1024px) 100vw, 1024px\" \/><\/a><\/figure>\n\n\n\n<figure class=\"wp-block-image size-large\"><a href=\"http:\/\/radioluna.iesalbarregas.com\/wp-content\/uploads\/2023\/05\/Elena-Valles-2-scaled.jpg\"><img loading=\"lazy\" width=\"1024\" height=\"768\" data-id=\"1938\"  src=\"http:\/\/radioluna.iesalbarregas.com\/wp-content\/uploads\/2023\/05\/Elena-Valles-2-1024x768.jpg\" alt=\"\" class=\"wp-image-1938\" srcset=\"http:\/\/radioluna.iesalbarregas.com\/wp-content\/uploads\/2023\/05\/Elena-Valles-2-1024x768.jpg 1024w, http:\/\/radioluna.iesalbarregas.com\/wp-content\/uploads\/2023\/05\/Elena-Valles-2-300x225.jpg 300w, http:\/\/radioluna.iesalbarregas.com\/wp-content\/uploads\/2023\/05\/Elena-Valles-2-768x576.jpg 768w, http:\/\/radioluna.iesalbarregas.com\/wp-content\/uploads\/2023\/05\/Elena-Valles-2-1536x1152.jpg 1536w, http:\/\/radioluna.iesalbarregas.com\/wp-content\/uploads\/2023\/05\/Elena-Valles-2-2048x1536.jpg 2048w, http:\/\/radioluna.iesalbarregas.com\/wp-content\/uploads\/2023\/05\/Elena-Valles-2-400x300.jpg 400w\" sizes=\"(max-width: 1024px) 100vw, 1024px\" \/><\/a><\/figure>\n\n\n\n<figure class=\"wp-block-image size-large\"><a href=\"http:\/\/radioluna.iesalbarregas.com\/wp-content\/uploads\/2023\/05\/Elena-Valles-1-scaled.jpg\"><img loading=\"lazy\" width=\"768\" height=\"1024\" data-id=\"1937\"  src=\"http:\/\/radioluna.iesalbarregas.com\/wp-content\/uploads\/2023\/05\/Elena-Valles-1-768x1024.jpg\" alt=\"\" class=\"wp-image-1937\" srcset=\"http:\/\/radioluna.iesalbarregas.com\/wp-content\/uploads\/2023\/05\/Elena-Valles-1-768x1024.jpg 768w, http:\/\/radioluna.iesalbarregas.com\/wp-content\/uploads\/2023\/05\/Elena-Valles-1-225x300.jpg 225w, http:\/\/radioluna.iesalbarregas.com\/wp-content\/uploads\/2023\/05\/Elena-Valles-1-1152x1536.jpg 1152w, http:\/\/radioluna.iesalbarregas.com\/wp-content\/uploads\/2023\/05\/Elena-Valles-1-1536x2048.jpg 1536w, http:\/\/radioluna.iesalbarregas.com\/wp-content\/uploads\/2023\/05\/Elena-Valles-1-scaled.jpg 1920w\" sizes=\"(max-width: 768px) 100vw, 768px\" \/><\/a><\/figure>\n<\/figure>\n","protected":false},"excerpt":{"rendered":"<p>\u00abEl pasado d\u00eda 5 de mayo tuvimos el honor de recibir en el IES Albarregas a la escritora y correctora de textos Elena Marqu\u00e9s, quien ha sido galardonada en numerosos cert\u00e1menes literarios. Se realiz\u00f3 un encuentro literario con alumnos de &hellip; <a href=\"http:\/\/radioluna.iesalbarregas.com\/?p=1935\">Sigue leyendo <span class=\"meta-nav\">&rarr;<\/span><\/a><\/p>\n","protected":false},"author":2,"featured_media":0,"comment_status":"closed","ping_status":"closed","sticky":false,"template":"","format":"standard","meta":[],"categories":[53,9],"tags":[125],"_links":{"self":[{"href":"http:\/\/radioluna.iesalbarregas.com\/index.php?rest_route=\/wp\/v2\/posts\/1935"}],"collection":[{"href":"http:\/\/radioluna.iesalbarregas.com\/index.php?rest_route=\/wp\/v2\/posts"}],"about":[{"href":"http:\/\/radioluna.iesalbarregas.com\/index.php?rest_route=\/wp\/v2\/types\/post"}],"author":[{"embeddable":true,"href":"http:\/\/radioluna.iesalbarregas.com\/index.php?rest_route=\/wp\/v2\/users\/2"}],"replies":[{"embeddable":true,"href":"http:\/\/radioluna.iesalbarregas.com\/index.php?rest_route=%2Fwp%2Fv2%2Fcomments&post=1935"}],"version-history":[{"count":1,"href":"http:\/\/radioluna.iesalbarregas.com\/index.php?rest_route=\/wp\/v2\/posts\/1935\/revisions"}],"predecessor-version":[{"id":1940,"href":"http:\/\/radioluna.iesalbarregas.com\/index.php?rest_route=\/wp\/v2\/posts\/1935\/revisions\/1940"}],"wp:attachment":[{"href":"http:\/\/radioluna.iesalbarregas.com\/index.php?rest_route=%2Fwp%2Fv2%2Fmedia&parent=1935"}],"wp:term":[{"taxonomy":"category","embeddable":true,"href":"http:\/\/radioluna.iesalbarregas.com\/index.php?rest_route=%2Fwp%2Fv2%2Fcategories&post=1935"},{"taxonomy":"post_tag","embeddable":true,"href":"http:\/\/radioluna.iesalbarregas.com\/index.php?rest_route=%2Fwp%2Fv2%2Ftags&post=1935"}],"curies":[{"name":"wp","href":"https:\/\/api.w.org\/{rel}","templated":true}]}}