{"id":1899,"date":"2023-04-18T12:57:29","date_gmt":"2023-04-18T11:57:29","guid":{"rendered":"http:\/\/radioluna.iesalbarregas.com\/?p=1899"},"modified":"2023-04-18T12:57:29","modified_gmt":"2023-04-18T11:57:29","slug":"la-leyenda-de-los-sentimientos","status":"publish","type":"post","link":"http:\/\/radioluna.iesalbarregas.com\/?p=1899","title":{"rendered":"LA LEYENDA DE LOS SENTIMIENTOS"},"content":{"rendered":"\n<figure class=\"wp-block-audio\"><audio controls src=\"http:\/\/radioluna.iesalbarregas.com\/wp-content\/uploads\/2023\/04\/LaLeyendaDeLosSentimientos.mp3\"><\/audio><\/figure>\n\n\n\n<p>Yerai Conde Ruiz, Samuel Garc\u00eda Ordo\u00f1ez y Francisco Jos\u00e9 Ruiz Su\u00e1rez, de 2\u00ba ESO D, nos narran un hermoso cuento sobre los sentimientos.&nbsp;&nbsp;La leyenda de los sentimientos nos cuenta lo que ocurri\u00f3 cuando las virtudes y los defectos de los seres humanos se reunieron para jugar al escondite.&nbsp;Profesora: M\u00aa Fernanda Cruz Garc\u00eda (edici\u00f3n y montaje)<\/p>\n\n\n\n<figure class=\"wp-block-image size-large\"><a href=\"http:\/\/radioluna.iesalbarregas.com\/wp-content\/uploads\/2023\/04\/20230324_141658-scaled.jpg\"><img loading=\"lazy\" width=\"1024\" height=\"576\" src=\"http:\/\/radioluna.iesalbarregas.com\/wp-content\/uploads\/2023\/04\/20230324_141658-1024x576.jpg\" alt=\"\" class=\"wp-image-1901\" srcset=\"http:\/\/radioluna.iesalbarregas.com\/wp-content\/uploads\/2023\/04\/20230324_141658-1024x576.jpg 1024w, http:\/\/radioluna.iesalbarregas.com\/wp-content\/uploads\/2023\/04\/20230324_141658-300x169.jpg 300w, http:\/\/radioluna.iesalbarregas.com\/wp-content\/uploads\/2023\/04\/20230324_141658-768x432.jpg 768w, http:\/\/radioluna.iesalbarregas.com\/wp-content\/uploads\/2023\/04\/20230324_141658-1536x864.jpg 1536w, http:\/\/radioluna.iesalbarregas.com\/wp-content\/uploads\/2023\/04\/20230324_141658-2048x1152.jpg 2048w, http:\/\/radioluna.iesalbarregas.com\/wp-content\/uploads\/2023\/04\/20230324_141658-500x281.jpg 500w\" sizes=\"(max-width: 1024px) 100vw, 1024px\" \/><\/a><\/figure>\n","protected":false},"excerpt":{"rendered":"<p>Yerai Conde Ruiz, Samuel Garc\u00eda Ordo\u00f1ez y Francisco Jos\u00e9 Ruiz Su\u00e1rez, de 2\u00ba ESO D, nos narran un hermoso cuento sobre los sentimientos.&nbsp;&nbsp;La leyenda de los sentimientos nos cuenta lo que ocurri\u00f3 cuando las virtudes y los defectos de los &hellip; <a href=\"http:\/\/radioluna.iesalbarregas.com\/?p=1899\">Sigue leyendo <span class=\"meta-nav\">&rarr;<\/span><\/a><\/p>\n","protected":false},"author":2,"featured_media":0,"comment_status":"closed","ping_status":"closed","sticky":false,"template":"","format":"standard","meta":[],"categories":[138,9],"tags":[135],"_links":{"self":[{"href":"http:\/\/radioluna.iesalbarregas.com\/index.php?rest_route=\/wp\/v2\/posts\/1899"}],"collection":[{"href":"http:\/\/radioluna.iesalbarregas.com\/index.php?rest_route=\/wp\/v2\/posts"}],"about":[{"href":"http:\/\/radioluna.iesalbarregas.com\/index.php?rest_route=\/wp\/v2\/types\/post"}],"author":[{"embeddable":true,"href":"http:\/\/radioluna.iesalbarregas.com\/index.php?rest_route=\/wp\/v2\/users\/2"}],"replies":[{"embeddable":true,"href":"http:\/\/radioluna.iesalbarregas.com\/index.php?rest_route=%2Fwp%2Fv2%2Fcomments&post=1899"}],"version-history":[{"count":1,"href":"http:\/\/radioluna.iesalbarregas.com\/index.php?rest_route=\/wp\/v2\/posts\/1899\/revisions"}],"predecessor-version":[{"id":1902,"href":"http:\/\/radioluna.iesalbarregas.com\/index.php?rest_route=\/wp\/v2\/posts\/1899\/revisions\/1902"}],"wp:attachment":[{"href":"http:\/\/radioluna.iesalbarregas.com\/index.php?rest_route=%2Fwp%2Fv2%2Fmedia&parent=1899"}],"wp:term":[{"taxonomy":"category","embeddable":true,"href":"http:\/\/radioluna.iesalbarregas.com\/index.php?rest_route=%2Fwp%2Fv2%2Fcategories&post=1899"},{"taxonomy":"post_tag","embeddable":true,"href":"http:\/\/radioluna.iesalbarregas.com\/index.php?rest_route=%2Fwp%2Fv2%2Ftags&post=1899"}],"curies":[{"name":"wp","href":"https:\/\/api.w.org\/{rel}","templated":true}]}}