{"id":1890,"date":"2023-04-18T12:29:52","date_gmt":"2023-04-18T11:29:52","guid":{"rendered":"http:\/\/radioluna.iesalbarregas.com\/?p=1890"},"modified":"2023-04-18T12:29:52","modified_gmt":"2023-04-18T11:29:52","slug":"xxxi-olimpiada-matematica-junior-extremadura-2023","status":"publish","type":"post","link":"http:\/\/radioluna.iesalbarregas.com\/?p=1890","title":{"rendered":"XXXI OLIMPIADA MATEM\u00c1TICA JUNIOR. EXTREMADURA 2023"},"content":{"rendered":"\n<figure class=\"wp-block-audio\"><audio controls src=\"http:\/\/radioluna.iesalbarregas.com\/wp-content\/uploads\/2023\/04\/OlimpiadasMatematicas2023.mp3\"><\/audio><\/figure>\n\n\n\n<p>A las 10:30 del 15 de abril dieron comienzo las XXXI olimpiadas matem\u00e1ticas Junior de Extremadura, para 2\u00ba ESO. Nuestros <em>Ol\u00edmpicos<\/em>, acompa\u00f1ados por las profesoras de matem\u00e1ticas Ver\u00f3nica y Fernanda, se han enfrentado a una prueba escrita com\u00fan a toda Extremadura. La han defendido con la mayor ilusi\u00f3n y las ganas del mundo. El resultado nos da igual, lo importante es que todos has salido muy satisfechos por haber vivido la experiencia, de haber participado en la fase comarcal y coinciden en que se lo recomiendan a sus compa\u00f1eros de 1\u00ba para el curso que viene. Ha merecido la pena compartir tiempo con ellos, acompa\u00f1arles y verles dar pasos en su etapa acad\u00e9mica. Muy orgullosos de vosotros, campeones.\u00a0<br>Profesorado participante: Ver\u00f3nica Mart\u00edn Guti\u00e9rrez y M\u00aa Fernanda Cruz Garc\u00eda (Edici\u00f3n y montaje).<\/p>\n\n\n\n<figure class=\"wp-block-gallery has-nested-images columns-default is-cropped\">\n<figure class=\"wp-block-image size-large\"><a href=\"http:\/\/radioluna.iesalbarregas.com\/wp-content\/uploads\/2023\/04\/IMG-20230416-WA0012.jpg\"><img loading=\"lazy\" width=\"768\" height=\"1024\" data-id=\"1892\"  src=\"http:\/\/radioluna.iesalbarregas.com\/wp-content\/uploads\/2023\/04\/IMG-20230416-WA0012-768x1024.jpg\" alt=\"\" class=\"wp-image-1892\" srcset=\"http:\/\/radioluna.iesalbarregas.com\/wp-content\/uploads\/2023\/04\/IMG-20230416-WA0012-768x1024.jpg 768w, http:\/\/radioluna.iesalbarregas.com\/wp-content\/uploads\/2023\/04\/IMG-20230416-WA0012-225x300.jpg 225w, http:\/\/radioluna.iesalbarregas.com\/wp-content\/uploads\/2023\/04\/IMG-20230416-WA0012-1152x1536.jpg 1152w, http:\/\/radioluna.iesalbarregas.com\/wp-content\/uploads\/2023\/04\/IMG-20230416-WA0012.jpg 1536w\" sizes=\"(max-width: 768px) 100vw, 768px\" \/><\/a><\/figure>\n\n\n\n<figure class=\"wp-block-image size-large\"><a href=\"http:\/\/radioluna.iesalbarregas.com\/wp-content\/uploads\/2023\/04\/IMG-20230416-WA0011.jpg\"><img loading=\"lazy\" width=\"768\" height=\"1024\" data-id=\"1895\"  src=\"http:\/\/radioluna.iesalbarregas.com\/wp-content\/uploads\/2023\/04\/IMG-20230416-WA0011-768x1024.jpg\" alt=\"\" class=\"wp-image-1895\" srcset=\"http:\/\/radioluna.iesalbarregas.com\/wp-content\/uploads\/2023\/04\/IMG-20230416-WA0011-768x1024.jpg 768w, http:\/\/radioluna.iesalbarregas.com\/wp-content\/uploads\/2023\/04\/IMG-20230416-WA0011-225x300.jpg 225w, http:\/\/radioluna.iesalbarregas.com\/wp-content\/uploads\/2023\/04\/IMG-20230416-WA0011-1152x1536.jpg 1152w, http:\/\/radioluna.iesalbarregas.com\/wp-content\/uploads\/2023\/04\/IMG-20230416-WA0011.jpg 1536w\" sizes=\"(max-width: 768px) 100vw, 768px\" \/><\/a><\/figure>\n\n\n\n<figure class=\"wp-block-image size-large\"><a href=\"http:\/\/radioluna.iesalbarregas.com\/wp-content\/uploads\/2023\/04\/IMG-20230416-WA0007.jpg\"><img loading=\"lazy\" width=\"780\" height=\"1024\" data-id=\"1893\"  src=\"http:\/\/radioluna.iesalbarregas.com\/wp-content\/uploads\/2023\/04\/IMG-20230416-WA0007-780x1024.jpg\" alt=\"\" class=\"wp-image-1893\" srcset=\"http:\/\/radioluna.iesalbarregas.com\/wp-content\/uploads\/2023\/04\/IMG-20230416-WA0007-780x1024.jpg 780w, http:\/\/radioluna.iesalbarregas.com\/wp-content\/uploads\/2023\/04\/IMG-20230416-WA0007-228x300.jpg 228w, http:\/\/radioluna.iesalbarregas.com\/wp-content\/uploads\/2023\/04\/IMG-20230416-WA0007-768x1009.jpg 768w, http:\/\/radioluna.iesalbarregas.com\/wp-content\/uploads\/2023\/04\/IMG-20230416-WA0007-1169x1536.jpg 1169w, http:\/\/radioluna.iesalbarregas.com\/wp-content\/uploads\/2023\/04\/IMG-20230416-WA0007.jpg 1218w\" sizes=\"(max-width: 780px) 100vw, 780px\" \/><\/a><\/figure>\n\n\n\n<figure class=\"wp-block-image size-large\"><a href=\"http:\/\/radioluna.iesalbarregas.com\/wp-content\/uploads\/2023\/04\/IMG-20230416-WA0000.jpg\"><img loading=\"lazy\" width=\"1024\" height=\"458\" data-id=\"1896\"  src=\"http:\/\/radioluna.iesalbarregas.com\/wp-content\/uploads\/2023\/04\/IMG-20230416-WA0000-1024x458.jpg\" alt=\"\" class=\"wp-image-1896\" srcset=\"http:\/\/radioluna.iesalbarregas.com\/wp-content\/uploads\/2023\/04\/IMG-20230416-WA0000-1024x458.jpg 1024w, http:\/\/radioluna.iesalbarregas.com\/wp-content\/uploads\/2023\/04\/IMG-20230416-WA0000-300x134.jpg 300w, http:\/\/radioluna.iesalbarregas.com\/wp-content\/uploads\/2023\/04\/IMG-20230416-WA0000-768x344.jpg 768w, http:\/\/radioluna.iesalbarregas.com\/wp-content\/uploads\/2023\/04\/IMG-20230416-WA0000-1536x687.jpg 1536w, http:\/\/radioluna.iesalbarregas.com\/wp-content\/uploads\/2023\/04\/IMG-20230416-WA0000-500x224.jpg 500w, http:\/\/radioluna.iesalbarregas.com\/wp-content\/uploads\/2023\/04\/IMG-20230416-WA0000.jpg 1600w\" sizes=\"(max-width: 1024px) 100vw, 1024px\" \/><\/a><\/figure>\n\n\n\n<figure class=\"wp-block-image size-large\"><a href=\"http:\/\/radioluna.iesalbarregas.com\/wp-content\/uploads\/2023\/04\/IMG-20230414-WA0000.jpg\"><img loading=\"lazy\" width=\"1024\" height=\"1024\" data-id=\"1894\"  src=\"http:\/\/radioluna.iesalbarregas.com\/wp-content\/uploads\/2023\/04\/IMG-20230414-WA0000-1024x1024.jpg\" alt=\"\" class=\"wp-image-1894\" srcset=\"http:\/\/radioluna.iesalbarregas.com\/wp-content\/uploads\/2023\/04\/IMG-20230414-WA0000-1024x1024.jpg 1024w, http:\/\/radioluna.iesalbarregas.com\/wp-content\/uploads\/2023\/04\/IMG-20230414-WA0000-300x300.jpg 300w, http:\/\/radioluna.iesalbarregas.com\/wp-content\/uploads\/2023\/04\/IMG-20230414-WA0000-150x150.jpg 150w, http:\/\/radioluna.iesalbarregas.com\/wp-content\/uploads\/2023\/04\/IMG-20230414-WA0000-768x768.jpg 768w, http:\/\/radioluna.iesalbarregas.com\/wp-content\/uploads\/2023\/04\/IMG-20230414-WA0000.jpg 1080w\" sizes=\"(max-width: 1024px) 100vw, 1024px\" \/><\/a><\/figure>\n\n\n\n<figure class=\"wp-block-image size-large\"><a href=\"http:\/\/radioluna.iesalbarregas.com\/wp-content\/uploads\/2023\/04\/20230415_115013-scaled.jpg\"><img loading=\"lazy\" width=\"576\" height=\"1024\" data-id=\"1897\"  src=\"http:\/\/radioluna.iesalbarregas.com\/wp-content\/uploads\/2023\/04\/20230415_115013-576x1024.jpg\" alt=\"\" class=\"wp-image-1897\" srcset=\"http:\/\/radioluna.iesalbarregas.com\/wp-content\/uploads\/2023\/04\/20230415_115013-576x1024.jpg 576w, http:\/\/radioluna.iesalbarregas.com\/wp-content\/uploads\/2023\/04\/20230415_115013-169x300.jpg 169w, http:\/\/radioluna.iesalbarregas.com\/wp-content\/uploads\/2023\/04\/20230415_115013-768x1365.jpg 768w, http:\/\/radioluna.iesalbarregas.com\/wp-content\/uploads\/2023\/04\/20230415_115013-864x1536.jpg 864w, http:\/\/radioluna.iesalbarregas.com\/wp-content\/uploads\/2023\/04\/20230415_115013-1152x2048.jpg 1152w, http:\/\/radioluna.iesalbarregas.com\/wp-content\/uploads\/2023\/04\/20230415_115013-scaled.jpg 1440w\" sizes=\"(max-width: 576px) 100vw, 576px\" \/><\/a><\/figure>\n<\/figure>\n","protected":false},"excerpt":{"rendered":"<p>A las 10:30 del 15 de abril dieron comienzo las XXXI olimpiadas matem\u00e1ticas Junior de Extremadura, para 2\u00ba ESO. Nuestros Ol\u00edmpicos, acompa\u00f1ados por las profesoras de matem\u00e1ticas Ver\u00f3nica y Fernanda, se han enfrentado a una prueba escrita com\u00fan a toda &hellip; <a href=\"http:\/\/radioluna.iesalbarregas.com\/?p=1890\">Sigue leyendo <span class=\"meta-nav\">&rarr;<\/span><\/a><\/p>\n","protected":false},"author":2,"featured_media":0,"comment_status":"closed","ping_status":"closed","sticky":false,"template":"","format":"standard","meta":[],"categories":[138,9],"tags":[135,136],"_links":{"self":[{"href":"http:\/\/radioluna.iesalbarregas.com\/index.php?rest_route=\/wp\/v2\/posts\/1890"}],"collection":[{"href":"http:\/\/radioluna.iesalbarregas.com\/index.php?rest_route=\/wp\/v2\/posts"}],"about":[{"href":"http:\/\/radioluna.iesalbarregas.com\/index.php?rest_route=\/wp\/v2\/types\/post"}],"author":[{"embeddable":true,"href":"http:\/\/radioluna.iesalbarregas.com\/index.php?rest_route=\/wp\/v2\/users\/2"}],"replies":[{"embeddable":true,"href":"http:\/\/radioluna.iesalbarregas.com\/index.php?rest_route=%2Fwp%2Fv2%2Fcomments&post=1890"}],"version-history":[{"count":1,"href":"http:\/\/radioluna.iesalbarregas.com\/index.php?rest_route=\/wp\/v2\/posts\/1890\/revisions"}],"predecessor-version":[{"id":1898,"href":"http:\/\/radioluna.iesalbarregas.com\/index.php?rest_route=\/wp\/v2\/posts\/1890\/revisions\/1898"}],"wp:attachment":[{"href":"http:\/\/radioluna.iesalbarregas.com\/index.php?rest_route=%2Fwp%2Fv2%2Fmedia&parent=1890"}],"wp:term":[{"taxonomy":"category","embeddable":true,"href":"http:\/\/radioluna.iesalbarregas.com\/index.php?rest_route=%2Fwp%2Fv2%2Fcategories&post=1890"},{"taxonomy":"post_tag","embeddable":true,"href":"http:\/\/radioluna.iesalbarregas.com\/index.php?rest_route=%2Fwp%2Fv2%2Ftags&post=1890"}],"curies":[{"name":"wp","href":"https:\/\/api.w.org\/{rel}","templated":true}]}}