{"id":1853,"date":"2023-03-19T10:10:52","date_gmt":"2023-03-19T09:10:52","guid":{"rendered":"http:\/\/radioluna.iesalbarregas.com\/?p=1853"},"modified":"2023-03-19T10:40:43","modified_gmt":"2023-03-19T09:40:43","slug":"adi-2","status":"publish","type":"post","link":"http:\/\/radioluna.iesalbarregas.com\/?p=1853","title":{"rendered":"ADI 2"},"content":{"rendered":"\n<figure class=\"wp-block-audio\"><audio controls src=\"http:\/\/radioluna.iesalbarregas.com\/wp-content\/uploads\/2023\/03\/Programa-radio-frances-Lara-ADI2.mp3\"><\/audio><\/figure>\n\n\n\n<p><strong>\u00ab<\/strong>Los chicos de ADI 2 se despiden de las clases de franc\u00e9s con un programa de radio en el que comparten los mejores momentos y experiencias juntos. Han sido siete meses aprendiendo un nuevo idioma y esperamos que sigan\u00a0practic\u00e1ndolo y mejorando en el futuro. Bon travail \u00e0 tous!!\u00bb<br>Los alumnos participantes han sido:Diego Farrona, In\u00e9s Chamorro, Thania \u00c1lvarez, Natalia Blanco, Ana Cabrera, Esmeralda Cort\u00e9s, Fernando Mancera, Francisco de Borja Santos, Yolanda Hermoso y Alejandro Tobar. La profesora encargada de realizar la actividad ha sido Lara Escobar (Departamento de Franc\u00e9s)<\/p>\n\n\n\n<figure class=\"wp-block-gallery has-nested-images columns-default is-cropped\">\n<figure class=\"wp-block-image size-large\"><a href=\"http:\/\/radioluna.iesalbarregas.com\/wp-content\/uploads\/2023\/03\/IMG_20230316_142014-scaled.jpg\"><img loading=\"lazy\" width=\"768\" height=\"1024\" data-id=\"1856\"  src=\"http:\/\/radioluna.iesalbarregas.com\/wp-content\/uploads\/2023\/03\/IMG_20230316_142014-768x1024.jpg\" alt=\"\" class=\"wp-image-1856\" srcset=\"http:\/\/radioluna.iesalbarregas.com\/wp-content\/uploads\/2023\/03\/IMG_20230316_142014-768x1024.jpg 768w, http:\/\/radioluna.iesalbarregas.com\/wp-content\/uploads\/2023\/03\/IMG_20230316_142014-225x300.jpg 225w, http:\/\/radioluna.iesalbarregas.com\/wp-content\/uploads\/2023\/03\/IMG_20230316_142014-1152x1536.jpg 1152w, http:\/\/radioluna.iesalbarregas.com\/wp-content\/uploads\/2023\/03\/IMG_20230316_142014-1536x2048.jpg 1536w, http:\/\/radioluna.iesalbarregas.com\/wp-content\/uploads\/2023\/03\/IMG_20230316_142014-scaled.jpg 1920w\" sizes=\"(max-width: 768px) 100vw, 768px\" \/><\/a><\/figure>\n\n\n\n<figure class=\"wp-block-image size-large\"><a href=\"http:\/\/radioluna.iesalbarregas.com\/wp-content\/uploads\/2023\/03\/IMG_20230316_141748-scaled.jpg\"><img loading=\"lazy\" width=\"768\" height=\"1024\" data-id=\"1855\"  src=\"http:\/\/radioluna.iesalbarregas.com\/wp-content\/uploads\/2023\/03\/IMG_20230316_141748-768x1024.jpg\" alt=\"\" class=\"wp-image-1855\" srcset=\"http:\/\/radioluna.iesalbarregas.com\/wp-content\/uploads\/2023\/03\/IMG_20230316_141748-768x1024.jpg 768w, http:\/\/radioluna.iesalbarregas.com\/wp-content\/uploads\/2023\/03\/IMG_20230316_141748-225x300.jpg 225w, http:\/\/radioluna.iesalbarregas.com\/wp-content\/uploads\/2023\/03\/IMG_20230316_141748-1152x1536.jpg 1152w, http:\/\/radioluna.iesalbarregas.com\/wp-content\/uploads\/2023\/03\/IMG_20230316_141748-1536x2048.jpg 1536w, http:\/\/radioluna.iesalbarregas.com\/wp-content\/uploads\/2023\/03\/IMG_20230316_141748-scaled.jpg 1920w\" sizes=\"(max-width: 768px) 100vw, 768px\" \/><\/a><\/figure>\n\n\n\n<figure class=\"wp-block-image size-large\"><a href=\"http:\/\/radioluna.iesalbarregas.com\/wp-content\/uploads\/2023\/03\/IMG_20230316_141801-scaled.jpg\"><img loading=\"lazy\" width=\"768\" height=\"1024\" data-id=\"1857\"  src=\"http:\/\/radioluna.iesalbarregas.com\/wp-content\/uploads\/2023\/03\/IMG_20230316_141801-768x1024.jpg\" alt=\"\" class=\"wp-image-1857\" srcset=\"http:\/\/radioluna.iesalbarregas.com\/wp-content\/uploads\/2023\/03\/IMG_20230316_141801-768x1024.jpg 768w, http:\/\/radioluna.iesalbarregas.com\/wp-content\/uploads\/2023\/03\/IMG_20230316_141801-225x300.jpg 225w, http:\/\/radioluna.iesalbarregas.com\/wp-content\/uploads\/2023\/03\/IMG_20230316_141801-1152x1536.jpg 1152w, http:\/\/radioluna.iesalbarregas.com\/wp-content\/uploads\/2023\/03\/IMG_20230316_141801-1536x2048.jpg 1536w, http:\/\/radioluna.iesalbarregas.com\/wp-content\/uploads\/2023\/03\/IMG_20230316_141801-scaled.jpg 1920w\" sizes=\"(max-width: 768px) 100vw, 768px\" \/><\/a><\/figure>\n<\/figure>\n","protected":false},"excerpt":{"rendered":"<p>\u00abLos chicos de ADI 2 se despiden de las clases de franc\u00e9s con un programa de radio en el que comparten los mejores momentos y experiencias juntos. Han sido siete meses aprendiendo un nuevo idioma y esperamos que sigan\u00a0practic\u00e1ndolo y &hellip; <a href=\"http:\/\/radioluna.iesalbarregas.com\/?p=1853\">Sigue leyendo <span class=\"meta-nav\">&rarr;<\/span><\/a><\/p>\n","protected":false},"author":2,"featured_media":0,"comment_status":"closed","ping_status":"closed","sticky":false,"template":"","format":"standard","meta":[],"categories":[139,9],"tags":[137],"_links":{"self":[{"href":"http:\/\/radioluna.iesalbarregas.com\/index.php?rest_route=\/wp\/v2\/posts\/1853"}],"collection":[{"href":"http:\/\/radioluna.iesalbarregas.com\/index.php?rest_route=\/wp\/v2\/posts"}],"about":[{"href":"http:\/\/radioluna.iesalbarregas.com\/index.php?rest_route=\/wp\/v2\/types\/post"}],"author":[{"embeddable":true,"href":"http:\/\/radioluna.iesalbarregas.com\/index.php?rest_route=\/wp\/v2\/users\/2"}],"replies":[{"embeddable":true,"href":"http:\/\/radioluna.iesalbarregas.com\/index.php?rest_route=%2Fwp%2Fv2%2Fcomments&post=1853"}],"version-history":[{"count":1,"href":"http:\/\/radioluna.iesalbarregas.com\/index.php?rest_route=\/wp\/v2\/posts\/1853\/revisions"}],"predecessor-version":[{"id":1858,"href":"http:\/\/radioluna.iesalbarregas.com\/index.php?rest_route=\/wp\/v2\/posts\/1853\/revisions\/1858"}],"wp:attachment":[{"href":"http:\/\/radioluna.iesalbarregas.com\/index.php?rest_route=%2Fwp%2Fv2%2Fmedia&parent=1853"}],"wp:term":[{"taxonomy":"category","embeddable":true,"href":"http:\/\/radioluna.iesalbarregas.com\/index.php?rest_route=%2Fwp%2Fv2%2Fcategories&post=1853"},{"taxonomy":"post_tag","embeddable":true,"href":"http:\/\/radioluna.iesalbarregas.com\/index.php?rest_route=%2Fwp%2Fv2%2Ftags&post=1853"}],"curies":[{"name":"wp","href":"https:\/\/api.w.org\/{rel}","templated":true}]}}