{"id":185,"date":"2016-05-05T03:33:44","date_gmt":"2016-05-05T02:33:44","guid":{"rendered":"http:\/\/radioluna.iesalbarregas.com\/?p=185"},"modified":"2020-04-05T12:29:23","modified_gmt":"2020-04-05T11:29:23","slug":"semana-de-las-letras","status":"publish","type":"post","link":"http:\/\/radioluna.iesalbarregas.com\/?p=185","title":{"rendered":"Semana de las Letras"},"content":{"rendered":"<p style=\"text-align: justify;\">Un mont\u00f3n de actividades, dentro y fuera del aula, han compuesto esta Semana de las Letras. Hemos decorado el centro mostrando c\u00f3mo nace y se desarrolla una narraci\u00f3n; hemos tenido poetas, como Elena Rom\u00e1n y Felipe Zapico. Tambi\u00e9n hemos incluido en este programa la entrega de premios del concurso de Ortograf\u00eda de Extremadura, en el que una alumna del insti obtuvo el primer premio en la modalidad de bachillerato. Ya sab\u00e9is, en la secci\u00f3n de \u00ab<a href=\"http:\/\/radioluna.iesalbarregas.com\/?page_id=2\"><span style=\"color: #00ccff;\"><em><strong>Programas emitidos<\/strong><\/em><\/span><\/a>\u00ab.<\/p>\n","protected":false},"excerpt":{"rendered":"<p>Un mont\u00f3n de actividades, dentro y fuera del aula, han compuesto esta Semana de las Letras. Hemos decorado el centro mostrando c\u00f3mo nace y se desarrolla una narraci\u00f3n; hemos tenido poetas, como Elena Rom\u00e1n y Felipe Zapico. Tambi\u00e9n hemos incluido &hellip; <a href=\"http:\/\/radioluna.iesalbarregas.com\/?p=185\">Sigue leyendo <span class=\"meta-nav\">&rarr;<\/span><\/a><\/p>\n","protected":false},"author":1,"featured_media":0,"comment_status":"open","ping_status":"open","sticky":false,"template":"","format":"standard","meta":[],"categories":[44],"tags":[],"_links":{"self":[{"href":"http:\/\/radioluna.iesalbarregas.com\/index.php?rest_route=\/wp\/v2\/posts\/185"}],"collection":[{"href":"http:\/\/radioluna.iesalbarregas.com\/index.php?rest_route=\/wp\/v2\/posts"}],"about":[{"href":"http:\/\/radioluna.iesalbarregas.com\/index.php?rest_route=\/wp\/v2\/types\/post"}],"author":[{"embeddable":true,"href":"http:\/\/radioluna.iesalbarregas.com\/index.php?rest_route=\/wp\/v2\/users\/1"}],"replies":[{"embeddable":true,"href":"http:\/\/radioluna.iesalbarregas.com\/index.php?rest_route=%2Fwp%2Fv2%2Fcomments&post=185"}],"version-history":[{"count":1,"href":"http:\/\/radioluna.iesalbarregas.com\/index.php?rest_route=\/wp\/v2\/posts\/185\/revisions"}],"predecessor-version":[{"id":186,"href":"http:\/\/radioluna.iesalbarregas.com\/index.php?rest_route=\/wp\/v2\/posts\/185\/revisions\/186"}],"wp:attachment":[{"href":"http:\/\/radioluna.iesalbarregas.com\/index.php?rest_route=%2Fwp%2Fv2%2Fmedia&parent=185"}],"wp:term":[{"taxonomy":"category","embeddable":true,"href":"http:\/\/radioluna.iesalbarregas.com\/index.php?rest_route=%2Fwp%2Fv2%2Fcategories&post=185"},{"taxonomy":"post_tag","embeddable":true,"href":"http:\/\/radioluna.iesalbarregas.com\/index.php?rest_route=%2Fwp%2Fv2%2Ftags&post=185"}],"curies":[{"name":"wp","href":"https:\/\/api.w.org\/{rel}","templated":true}]}}