{"id":1833,"date":"2023-03-13T13:19:35","date_gmt":"2023-03-13T12:19:35","guid":{"rendered":"http:\/\/radioluna.iesalbarregas.com\/?p=1833"},"modified":"2023-03-19T10:41:16","modified_gmt":"2023-03-19T09:41:16","slug":"dia-de-pi","status":"publish","type":"post","link":"http:\/\/radioluna.iesalbarregas.com\/?p=1833","title":{"rendered":"D\u00cdA DE PI"},"content":{"rendered":"\n<figure class=\"wp-block-audio\"><audio controls src=\"http:\/\/radioluna.iesalbarregas.com\/wp-content\/uploads\/2023\/03\/DiaDePI.mp3\"><\/audio><\/figure>\n\n\n\n<p>El D\u00eda del N\u00famero Pi se celebra el 14 de marzo y tambi\u00e9n se conmemora el D\u00eda Internacional de las Matem\u00e1ticas. Por este motivo, el alumnado 2\u00ba ESO nos invitan a celebrarlo y nos proponen un juego para ese d\u00eda.<\/p>\n\n\n\n<p>Alumnado participante: Samuel Garc\u00eda Ord\u00f3\u00f1ez, (2\u00ba D), Francisco Jos\u00e9 Ruiz Su\u00e1rez (2\u00baD), Emilio V\u00e1zquez Santos (2\u00baE)<\/p>\n\n\n\n<p>Profesora: Mrar\u00eda Fernanda Cruz Garc\u00eda (Matem\u00e1ticas)<\/p>\n\n\n\n<figure class=\"wp-block-gallery has-nested-images columns-default is-cropped\">\n<figure class=\"wp-block-image size-large\"><a href=\"http:\/\/radioluna.iesalbarregas.com\/wp-content\/uploads\/2023\/03\/CabeceraDia-del-numero-\u03c0.png\"><img loading=\"lazy\" width=\"960\" height=\"540\" data-id=\"1835\"  src=\"http:\/\/radioluna.iesalbarregas.com\/wp-content\/uploads\/2023\/03\/CabeceraDia-del-numero-\u03c0.png\" alt=\"\" class=\"wp-image-1835\" srcset=\"http:\/\/radioluna.iesalbarregas.com\/wp-content\/uploads\/2023\/03\/CabeceraDia-del-numero-\u03c0.png 960w, http:\/\/radioluna.iesalbarregas.com\/wp-content\/uploads\/2023\/03\/CabeceraDia-del-numero-\u03c0-300x169.png 300w, http:\/\/radioluna.iesalbarregas.com\/wp-content\/uploads\/2023\/03\/CabeceraDia-del-numero-\u03c0-768x432.png 768w, http:\/\/radioluna.iesalbarregas.com\/wp-content\/uploads\/2023\/03\/CabeceraDia-del-numero-\u03c0-500x281.png 500w\" sizes=\"(max-width: 960px) 100vw, 960px\" \/><\/a><\/figure>\n\n\n\n<figure class=\"wp-block-image size-large\"><a href=\"http:\/\/radioluna.iesalbarregas.com\/wp-content\/uploads\/2023\/03\/Alumnado2oD_DiaPi-scaled.jpg\"><img loading=\"lazy\" width=\"1024\" height=\"576\" data-id=\"1836\"  src=\"http:\/\/radioluna.iesalbarregas.com\/wp-content\/uploads\/2023\/03\/Alumnado2oD_DiaPi-1024x576.jpg\" alt=\"\" class=\"wp-image-1836\" srcset=\"http:\/\/radioluna.iesalbarregas.com\/wp-content\/uploads\/2023\/03\/Alumnado2oD_DiaPi-1024x576.jpg 1024w, http:\/\/radioluna.iesalbarregas.com\/wp-content\/uploads\/2023\/03\/Alumnado2oD_DiaPi-300x169.jpg 300w, http:\/\/radioluna.iesalbarregas.com\/wp-content\/uploads\/2023\/03\/Alumnado2oD_DiaPi-768x432.jpg 768w, http:\/\/radioluna.iesalbarregas.com\/wp-content\/uploads\/2023\/03\/Alumnado2oD_DiaPi-1536x864.jpg 1536w, http:\/\/radioluna.iesalbarregas.com\/wp-content\/uploads\/2023\/03\/Alumnado2oD_DiaPi-2048x1152.jpg 2048w, http:\/\/radioluna.iesalbarregas.com\/wp-content\/uploads\/2023\/03\/Alumnado2oD_DiaPi-500x281.jpg 500w\" sizes=\"(max-width: 1024px) 100vw, 1024px\" \/><\/a><\/figure>\n\n\n\n<figure class=\"wp-block-image size-large\"><a href=\"http:\/\/radioluna.iesalbarregas.com\/wp-content\/uploads\/2023\/03\/pi-g8528f4815_1280.png\"><img loading=\"lazy\" width=\"1024\" height=\"1024\" data-id=\"1837\"  src=\"http:\/\/radioluna.iesalbarregas.com\/wp-content\/uploads\/2023\/03\/pi-g8528f4815_1280-1024x1024.png\" alt=\"\" class=\"wp-image-1837\" srcset=\"http:\/\/radioluna.iesalbarregas.com\/wp-content\/uploads\/2023\/03\/pi-g8528f4815_1280-1024x1024.png 1024w, http:\/\/radioluna.iesalbarregas.com\/wp-content\/uploads\/2023\/03\/pi-g8528f4815_1280-300x300.png 300w, http:\/\/radioluna.iesalbarregas.com\/wp-content\/uploads\/2023\/03\/pi-g8528f4815_1280-150x150.png 150w, http:\/\/radioluna.iesalbarregas.com\/wp-content\/uploads\/2023\/03\/pi-g8528f4815_1280-768x768.png 768w, http:\/\/radioluna.iesalbarregas.com\/wp-content\/uploads\/2023\/03\/pi-g8528f4815_1280.png 1280w\" sizes=\"(max-width: 1024px) 100vw, 1024px\" \/><\/a><\/figure>\n<\/figure>\n","protected":false},"excerpt":{"rendered":"<p>El D\u00eda del N\u00famero Pi se celebra el 14 de marzo y tambi\u00e9n se conmemora el D\u00eda Internacional de las Matem\u00e1ticas. Por este motivo, el alumnado 2\u00ba ESO nos invitan a celebrarlo y nos proponen un juego para ese d\u00eda. &hellip; <a href=\"http:\/\/radioluna.iesalbarregas.com\/?p=1833\">Sigue leyendo <span class=\"meta-nav\">&rarr;<\/span><\/a><\/p>\n","protected":false},"author":2,"featured_media":0,"comment_status":"closed","ping_status":"closed","sticky":false,"template":"","format":"standard","meta":[],"categories":[138,9],"tags":[135],"_links":{"self":[{"href":"http:\/\/radioluna.iesalbarregas.com\/index.php?rest_route=\/wp\/v2\/posts\/1833"}],"collection":[{"href":"http:\/\/radioluna.iesalbarregas.com\/index.php?rest_route=\/wp\/v2\/posts"}],"about":[{"href":"http:\/\/radioluna.iesalbarregas.com\/index.php?rest_route=\/wp\/v2\/types\/post"}],"author":[{"embeddable":true,"href":"http:\/\/radioluna.iesalbarregas.com\/index.php?rest_route=\/wp\/v2\/users\/2"}],"replies":[{"embeddable":true,"href":"http:\/\/radioluna.iesalbarregas.com\/index.php?rest_route=%2Fwp%2Fv2%2Fcomments&post=1833"}],"version-history":[{"count":1,"href":"http:\/\/radioluna.iesalbarregas.com\/index.php?rest_route=\/wp\/v2\/posts\/1833\/revisions"}],"predecessor-version":[{"id":1838,"href":"http:\/\/radioluna.iesalbarregas.com\/index.php?rest_route=\/wp\/v2\/posts\/1833\/revisions\/1838"}],"wp:attachment":[{"href":"http:\/\/radioluna.iesalbarregas.com\/index.php?rest_route=%2Fwp%2Fv2%2Fmedia&parent=1833"}],"wp:term":[{"taxonomy":"category","embeddable":true,"href":"http:\/\/radioluna.iesalbarregas.com\/index.php?rest_route=%2Fwp%2Fv2%2Fcategories&post=1833"},{"taxonomy":"post_tag","embeddable":true,"href":"http:\/\/radioluna.iesalbarregas.com\/index.php?rest_route=%2Fwp%2Fv2%2Ftags&post=1833"}],"curies":[{"name":"wp","href":"https:\/\/api.w.org\/{rel}","templated":true}]}}