{"id":1825,"date":"2023-03-10T13:28:08","date_gmt":"2023-03-10T12:28:08","guid":{"rendered":"http:\/\/radioluna.iesalbarregas.com\/?p=1825"},"modified":"2023-03-19T10:41:41","modified_gmt":"2023-03-19T09:41:41","slug":"seprona","status":"publish","type":"post","link":"http:\/\/radioluna.iesalbarregas.com\/?p=1825","title":{"rendered":"SEPRONA"},"content":{"rendered":"\n<figure class=\"wp-block-audio\"><audio controls src=\"http:\/\/radioluna.iesalbarregas.com\/wp-content\/uploads\/2023\/03\/Seprona-Final.mp3\"><\/audio><\/figure>\n\n\n\n<p>Con motivo de las Primeras Jornadas Medioambientales del IES Albarregas celebradas los d\u00edas 1, 2 y 3 de marzo, hemos recibido importantes visitas y una de ellas ha sido la de nuestros amigos del Servicio de Protecci\u00f3n de la Naturaleza, m\u00e1s conocidos como SEPRONA. Nuestro compa\u00f1ero Javier Romero de 2\u00ba ESO A ha querido entrevistarlos.<\/p>\n\n\n\n<figure class=\"wp-block-image size-large\"><a href=\"http:\/\/radioluna.iesalbarregas.com\/wp-content\/uploads\/2023\/03\/seprona_1.jpeg\"><img loading=\"lazy\" width=\"1024\" height=\"576\" src=\"http:\/\/radioluna.iesalbarregas.com\/wp-content\/uploads\/2023\/03\/seprona_1-1024x576.jpeg\" alt=\"\" class=\"wp-image-1827\" srcset=\"http:\/\/radioluna.iesalbarregas.com\/wp-content\/uploads\/2023\/03\/seprona_1-1024x576.jpeg 1024w, http:\/\/radioluna.iesalbarregas.com\/wp-content\/uploads\/2023\/03\/seprona_1-300x169.jpeg 300w, http:\/\/radioluna.iesalbarregas.com\/wp-content\/uploads\/2023\/03\/seprona_1-768x432.jpeg 768w, http:\/\/radioluna.iesalbarregas.com\/wp-content\/uploads\/2023\/03\/seprona_1-1536x864.jpeg 1536w, http:\/\/radioluna.iesalbarregas.com\/wp-content\/uploads\/2023\/03\/seprona_1-500x281.jpeg 500w, http:\/\/radioluna.iesalbarregas.com\/wp-content\/uploads\/2023\/03\/seprona_1.jpeg 2000w\" sizes=\"(max-width: 1024px) 100vw, 1024px\" \/><\/a><\/figure>\n","protected":false},"excerpt":{"rendered":"<p>Con motivo de las Primeras Jornadas Medioambientales del IES Albarregas celebradas los d\u00edas 1, 2 y 3 de marzo, hemos recibido importantes visitas y una de ellas ha sido la de nuestros amigos del Servicio de Protecci\u00f3n de la Naturaleza, &hellip; <a href=\"http:\/\/radioluna.iesalbarregas.com\/?p=1825\">Sigue leyendo <span class=\"meta-nav\">&rarr;<\/span><\/a><\/p>\n","protected":false},"author":2,"featured_media":0,"comment_status":"closed","ping_status":"closed","sticky":false,"template":"","format":"standard","meta":[],"categories":[53,9],"tags":[128],"_links":{"self":[{"href":"http:\/\/radioluna.iesalbarregas.com\/index.php?rest_route=\/wp\/v2\/posts\/1825"}],"collection":[{"href":"http:\/\/radioluna.iesalbarregas.com\/index.php?rest_route=\/wp\/v2\/posts"}],"about":[{"href":"http:\/\/radioluna.iesalbarregas.com\/index.php?rest_route=\/wp\/v2\/types\/post"}],"author":[{"embeddable":true,"href":"http:\/\/radioluna.iesalbarregas.com\/index.php?rest_route=\/wp\/v2\/users\/2"}],"replies":[{"embeddable":true,"href":"http:\/\/radioluna.iesalbarregas.com\/index.php?rest_route=%2Fwp%2Fv2%2Fcomments&post=1825"}],"version-history":[{"count":1,"href":"http:\/\/radioluna.iesalbarregas.com\/index.php?rest_route=\/wp\/v2\/posts\/1825\/revisions"}],"predecessor-version":[{"id":1828,"href":"http:\/\/radioluna.iesalbarregas.com\/index.php?rest_route=\/wp\/v2\/posts\/1825\/revisions\/1828"}],"wp:attachment":[{"href":"http:\/\/radioluna.iesalbarregas.com\/index.php?rest_route=%2Fwp%2Fv2%2Fmedia&parent=1825"}],"wp:term":[{"taxonomy":"category","embeddable":true,"href":"http:\/\/radioluna.iesalbarregas.com\/index.php?rest_route=%2Fwp%2Fv2%2Fcategories&post=1825"},{"taxonomy":"post_tag","embeddable":true,"href":"http:\/\/radioluna.iesalbarregas.com\/index.php?rest_route=%2Fwp%2Fv2%2Ftags&post=1825"}],"curies":[{"name":"wp","href":"https:\/\/api.w.org\/{rel}","templated":true}]}}