{"id":181,"date":"2016-03-10T00:56:24","date_gmt":"2016-03-09T23:56:24","guid":{"rendered":"http:\/\/radioluna.iesalbarregas.com\/?p=181"},"modified":"2020-04-05T12:29:04","modified_gmt":"2020-04-05T11:29:04","slug":"semana-de-la-ciencia","status":"publish","type":"post","link":"http:\/\/radioluna.iesalbarregas.com\/?p=181","title":{"rendered":"Semana de la ciencia"},"content":{"rendered":"<p style=\"text-align: justify;\">Dentro de las actividades para celebrar el XXV aniversario del IES Albarregas, se est\u00e1n llevando a cabo semanas tem\u00e1ticas: ciencias, arte, m\u00fasica, etc. Hoy RadioLuna os trae un resumen de lo que ha sido la semana de la ciencia, y ver\u00e9is que no tiene desperdicio&#8230; Ha sido una semana realmente interesante pero \u00a1muy divertida! Como siempre, en la secci\u00f3n de \u00ab<span style=\"color: #3366ff;\"><a style=\"color: #3366ff;\" href=\"http:\/\/radioluna.iesalbarregas.com\/?page_id=2\"><em><strong>Programas emitidos<\/strong><\/em><\/a><\/span>\u00ab.<\/p>\n","protected":false},"excerpt":{"rendered":"<p>Dentro de las actividades para celebrar el XXV aniversario del IES Albarregas, se est\u00e1n llevando a cabo semanas tem\u00e1ticas: ciencias, arte, m\u00fasica, etc. Hoy RadioLuna os trae un resumen de lo que ha sido la semana de la ciencia, y &hellip; <a href=\"http:\/\/radioluna.iesalbarregas.com\/?p=181\">Sigue leyendo <span class=\"meta-nav\">&rarr;<\/span><\/a><\/p>\n","protected":false},"author":1,"featured_media":0,"comment_status":"open","ping_status":"open","sticky":false,"template":"","format":"standard","meta":[],"categories":[44],"tags":[],"_links":{"self":[{"href":"http:\/\/radioluna.iesalbarregas.com\/index.php?rest_route=\/wp\/v2\/posts\/181"}],"collection":[{"href":"http:\/\/radioluna.iesalbarregas.com\/index.php?rest_route=\/wp\/v2\/posts"}],"about":[{"href":"http:\/\/radioluna.iesalbarregas.com\/index.php?rest_route=\/wp\/v2\/types\/post"}],"author":[{"embeddable":true,"href":"http:\/\/radioluna.iesalbarregas.com\/index.php?rest_route=\/wp\/v2\/users\/1"}],"replies":[{"embeddable":true,"href":"http:\/\/radioluna.iesalbarregas.com\/index.php?rest_route=%2Fwp%2Fv2%2Fcomments&post=181"}],"version-history":[{"count":2,"href":"http:\/\/radioluna.iesalbarregas.com\/index.php?rest_route=\/wp\/v2\/posts\/181\/revisions"}],"predecessor-version":[{"id":183,"href":"http:\/\/radioluna.iesalbarregas.com\/index.php?rest_route=\/wp\/v2\/posts\/181\/revisions\/183"}],"wp:attachment":[{"href":"http:\/\/radioluna.iesalbarregas.com\/index.php?rest_route=%2Fwp%2Fv2%2Fmedia&parent=181"}],"wp:term":[{"taxonomy":"category","embeddable":true,"href":"http:\/\/radioluna.iesalbarregas.com\/index.php?rest_route=%2Fwp%2Fv2%2Fcategories&post=181"},{"taxonomy":"post_tag","embeddable":true,"href":"http:\/\/radioluna.iesalbarregas.com\/index.php?rest_route=%2Fwp%2Fv2%2Ftags&post=181"}],"curies":[{"name":"wp","href":"https:\/\/api.w.org\/{rel}","templated":true}]}}