{"id":1793,"date":"2023-02-09T09:55:03","date_gmt":"2023-02-09T08:55:03","guid":{"rendered":"http:\/\/radioluna.iesalbarregas.com\/?p=1793"},"modified":"2023-03-19T10:42:19","modified_gmt":"2023-03-19T09:42:19","slug":"entrevista-a-puerto-perex-exfutbolista-profesional","status":"publish","type":"post","link":"http:\/\/radioluna.iesalbarregas.com\/?p=1793","title":{"rendered":"ENTREVISTA A PUERTO P\u00c9REZ, EXFUTBOLISTA PROFESIONAL."},"content":{"rendered":"\n<figure class=\"wp-block-audio\"><audio controls src=\"http:\/\/radioluna.iesalbarregas.com\/wp-content\/uploads\/2023\/02\/Puerto-Futbolista-1.mp3\"><\/audio><\/figure>\n\n\n\n<p>El pasado 6 de febrero, se llev\u00f3 a cabo la jornada de formaci\u00f3n del programa educativo \u00abPromoci\u00f3n de la Igualdad de G\u00e9nero a trav\u00e9s del Deporte en Edad Escolar\u00bb, que consisti\u00f3 en el montaje y difusi\u00f3n de una exposici\u00f3n de 12 paneles educativos, y en una charla y debate sobre la importancia de la concienciaci\u00f3n sobre dicha tem\u00e1tica.La jornada fue dirigida e impartida por la extreme\u00f1a Puerto P\u00e9rez, ex futbolista profesional y psic\u00f3loga deportiva.Tras la charla, tuvimos la oportunidad de hacerle una entrevista en el estudio de Radio Luna. Vanesa Redondo y Aitor Sanz de 2\u00baESO D, fueron los encargados de realizar la entrevista. El profesor encargado de este programa y de esta actividad ha sido \u00c1ngel Morales Campos.<\/p>\n\n\n\n<figure class=\"wp-block-gallery has-nested-images columns-default is-cropped\">\n<figure class=\"wp-block-image size-large\"><a href=\"http:\/\/radioluna.iesalbarregas.com\/wp-content\/uploads\/2023\/02\/Puerto-3-scaled.jpg\"><img loading=\"lazy\" width=\"1024\" height=\"768\" data-id=\"1798\"  src=\"http:\/\/radioluna.iesalbarregas.com\/wp-content\/uploads\/2023\/02\/Puerto-3-1024x768.jpg\" alt=\"\" class=\"wp-image-1798\" srcset=\"http:\/\/radioluna.iesalbarregas.com\/wp-content\/uploads\/2023\/02\/Puerto-3-1024x768.jpg 1024w, http:\/\/radioluna.iesalbarregas.com\/wp-content\/uploads\/2023\/02\/Puerto-3-300x225.jpg 300w, http:\/\/radioluna.iesalbarregas.com\/wp-content\/uploads\/2023\/02\/Puerto-3-768x576.jpg 768w, http:\/\/radioluna.iesalbarregas.com\/wp-content\/uploads\/2023\/02\/Puerto-3-1536x1152.jpg 1536w, http:\/\/radioluna.iesalbarregas.com\/wp-content\/uploads\/2023\/02\/Puerto-3-2048x1536.jpg 2048w, http:\/\/radioluna.iesalbarregas.com\/wp-content\/uploads\/2023\/02\/Puerto-3-400x300.jpg 400w\" sizes=\"(max-width: 1024px) 100vw, 1024px\" \/><\/a><\/figure>\n\n\n\n<figure class=\"wp-block-image size-large\"><a href=\"http:\/\/radioluna.iesalbarregas.com\/wp-content\/uploads\/2023\/02\/Puerto-2-scaled.jpg\"><img loading=\"lazy\" width=\"1024\" height=\"768\" data-id=\"1797\"  src=\"http:\/\/radioluna.iesalbarregas.com\/wp-content\/uploads\/2023\/02\/Puerto-2-1024x768.jpg\" alt=\"\" class=\"wp-image-1797\" srcset=\"http:\/\/radioluna.iesalbarregas.com\/wp-content\/uploads\/2023\/02\/Puerto-2-1024x768.jpg 1024w, http:\/\/radioluna.iesalbarregas.com\/wp-content\/uploads\/2023\/02\/Puerto-2-300x225.jpg 300w, http:\/\/radioluna.iesalbarregas.com\/wp-content\/uploads\/2023\/02\/Puerto-2-768x576.jpg 768w, http:\/\/radioluna.iesalbarregas.com\/wp-content\/uploads\/2023\/02\/Puerto-2-1536x1152.jpg 1536w, http:\/\/radioluna.iesalbarregas.com\/wp-content\/uploads\/2023\/02\/Puerto-2-2048x1536.jpg 2048w, http:\/\/radioluna.iesalbarregas.com\/wp-content\/uploads\/2023\/02\/Puerto-2-400x300.jpg 400w\" sizes=\"(max-width: 1024px) 100vw, 1024px\" \/><\/a><\/figure>\n\n\n\n<figure class=\"wp-block-image size-large\"><a href=\"http:\/\/radioluna.iesalbarregas.com\/wp-content\/uploads\/2023\/02\/Puerto-1-scaled.jpg\"><img loading=\"lazy\" width=\"1024\" height=\"768\" data-id=\"1796\"  src=\"http:\/\/radioluna.iesalbarregas.com\/wp-content\/uploads\/2023\/02\/Puerto-1-1024x768.jpg\" alt=\"\" class=\"wp-image-1796\" srcset=\"http:\/\/radioluna.iesalbarregas.com\/wp-content\/uploads\/2023\/02\/Puerto-1-1024x768.jpg 1024w, http:\/\/radioluna.iesalbarregas.com\/wp-content\/uploads\/2023\/02\/Puerto-1-300x225.jpg 300w, http:\/\/radioluna.iesalbarregas.com\/wp-content\/uploads\/2023\/02\/Puerto-1-768x576.jpg 768w, http:\/\/radioluna.iesalbarregas.com\/wp-content\/uploads\/2023\/02\/Puerto-1-1536x1152.jpg 1536w, http:\/\/radioluna.iesalbarregas.com\/wp-content\/uploads\/2023\/02\/Puerto-1-2048x1536.jpg 2048w, http:\/\/radioluna.iesalbarregas.com\/wp-content\/uploads\/2023\/02\/Puerto-1-400x300.jpg 400w\" sizes=\"(max-width: 1024px) 100vw, 1024px\" \/><\/a><\/figure>\n\n\n\n<figure class=\"wp-block-image size-large\"><a href=\"http:\/\/radioluna.iesalbarregas.com\/wp-content\/uploads\/2023\/02\/Puerto4-scaled.jpg\"><img loading=\"lazy\" width=\"1024\" height=\"768\" data-id=\"1795\"  src=\"http:\/\/radioluna.iesalbarregas.com\/wp-content\/uploads\/2023\/02\/Puerto4-1024x768.jpg\" alt=\"\" class=\"wp-image-1795\" srcset=\"http:\/\/radioluna.iesalbarregas.com\/wp-content\/uploads\/2023\/02\/Puerto4-1024x768.jpg 1024w, http:\/\/radioluna.iesalbarregas.com\/wp-content\/uploads\/2023\/02\/Puerto4-300x225.jpg 300w, http:\/\/radioluna.iesalbarregas.com\/wp-content\/uploads\/2023\/02\/Puerto4-768x576.jpg 768w, http:\/\/radioluna.iesalbarregas.com\/wp-content\/uploads\/2023\/02\/Puerto4-1536x1152.jpg 1536w, http:\/\/radioluna.iesalbarregas.com\/wp-content\/uploads\/2023\/02\/Puerto4-2048x1536.jpg 2048w, http:\/\/radioluna.iesalbarregas.com\/wp-content\/uploads\/2023\/02\/Puerto4-400x300.jpg 400w\" sizes=\"(max-width: 1024px) 100vw, 1024px\" \/><\/a><\/figure>\n<\/figure>\n","protected":false},"excerpt":{"rendered":"<p>El pasado 6 de febrero, se llev\u00f3 a cabo la jornada de formaci\u00f3n del programa educativo \u00abPromoci\u00f3n de la Igualdad de G\u00e9nero a trav\u00e9s del Deporte en Edad Escolar\u00bb, que consisti\u00f3 en el montaje y difusi\u00f3n de una exposici\u00f3n de &hellip; <a href=\"http:\/\/radioluna.iesalbarregas.com\/?p=1793\">Sigue leyendo <span class=\"meta-nav\">&rarr;<\/span><\/a><\/p>\n","protected":false},"author":2,"featured_media":0,"comment_status":"closed","ping_status":"closed","sticky":false,"template":"","format":"standard","meta":[],"categories":[53,9],"tags":[114],"_links":{"self":[{"href":"http:\/\/radioluna.iesalbarregas.com\/index.php?rest_route=\/wp\/v2\/posts\/1793"}],"collection":[{"href":"http:\/\/radioluna.iesalbarregas.com\/index.php?rest_route=\/wp\/v2\/posts"}],"about":[{"href":"http:\/\/radioluna.iesalbarregas.com\/index.php?rest_route=\/wp\/v2\/types\/post"}],"author":[{"embeddable":true,"href":"http:\/\/radioluna.iesalbarregas.com\/index.php?rest_route=\/wp\/v2\/users\/2"}],"replies":[{"embeddable":true,"href":"http:\/\/radioluna.iesalbarregas.com\/index.php?rest_route=%2Fwp%2Fv2%2Fcomments&post=1793"}],"version-history":[{"count":2,"href":"http:\/\/radioluna.iesalbarregas.com\/index.php?rest_route=\/wp\/v2\/posts\/1793\/revisions"}],"predecessor-version":[{"id":1800,"href":"http:\/\/radioluna.iesalbarregas.com\/index.php?rest_route=\/wp\/v2\/posts\/1793\/revisions\/1800"}],"wp:attachment":[{"href":"http:\/\/radioluna.iesalbarregas.com\/index.php?rest_route=%2Fwp%2Fv2%2Fmedia&parent=1793"}],"wp:term":[{"taxonomy":"category","embeddable":true,"href":"http:\/\/radioluna.iesalbarregas.com\/index.php?rest_route=%2Fwp%2Fv2%2Fcategories&post=1793"},{"taxonomy":"post_tag","embeddable":true,"href":"http:\/\/radioluna.iesalbarregas.com\/index.php?rest_route=%2Fwp%2Fv2%2Ftags&post=1793"}],"curies":[{"name":"wp","href":"https:\/\/api.w.org\/{rel}","templated":true}]}}