{"id":1787,"date":"2023-02-08T12:45:20","date_gmt":"2023-02-08T11:45:20","guid":{"rendered":"http:\/\/radioluna.iesalbarregas.com\/?p=1787"},"modified":"2023-02-08T12:47:14","modified_gmt":"2023-02-08T11:47:14","slug":"muevete-2023","status":"publish","type":"post","link":"http:\/\/radioluna.iesalbarregas.com\/?p=1787","title":{"rendered":"MU\u00c9VETE 2023"},"content":{"rendered":"\n<figure class=\"wp-block-audio\"><audio controls src=\"http:\/\/radioluna.iesalbarregas.com\/wp-content\/uploads\/2023\/02\/Muevete.mp3\"><\/audio><\/figure>\n\n\n\n<p>Hoy durante la segunda jornada del Programa Mu\u00e9vete 2023 en la que hemos recibido como centros observadores al IESO Valles de Gata e IES LLerena, una de las actividades previstas ha consistido en explicar el Proyecto de Centro de Radio Educativa. Para ello, han visitado el estudio de Radio Luna, donde Nacho, coordinador del Proyecto, les ha explicado el funcionamiento del estudio de radio y otros aspectos relacionados con el proyecto. Acompa\u00f1ados por Sergio Gallardo, que est\u00e1 coordinando estas jornadas del Mu\u00e9vete, el profesorado que nos visita, Alicia y Monste (IES Sierras de Gata) y Sarai y Enroque (IES Llerena) han intervenido en este programa de radio y nos han contado c\u00f3mo est\u00e1n viviendo esta experiencia del Programa Mu\u00e9vete. Los encargados de realizar esta entrevista han sido Paula y Mateo de 2\u00ba de Bachillerato D.<\/p>\n\n\n\n<figure class=\"wp-block-gallery has-nested-images columns-default is-cropped\">\n<figure class=\"wp-block-image size-large\"><a href=\"http:\/\/radioluna.iesalbarregas.com\/wp-content\/uploads\/2023\/02\/Muevete-2.jpg\"><img loading=\"lazy\" width=\"1024\" height=\"768\" data-id=\"1790\"  src=\"http:\/\/radioluna.iesalbarregas.com\/wp-content\/uploads\/2023\/02\/Muevete-2.jpg\" alt=\"\" class=\"wp-image-1790\" srcset=\"http:\/\/radioluna.iesalbarregas.com\/wp-content\/uploads\/2023\/02\/Muevete-2.jpg 1024w, http:\/\/radioluna.iesalbarregas.com\/wp-content\/uploads\/2023\/02\/Muevete-2-300x225.jpg 300w, http:\/\/radioluna.iesalbarregas.com\/wp-content\/uploads\/2023\/02\/Muevete-2-768x576.jpg 768w, http:\/\/radioluna.iesalbarregas.com\/wp-content\/uploads\/2023\/02\/Muevete-2-400x300.jpg 400w\" sizes=\"(max-width: 1024px) 100vw, 1024px\" \/><\/a><\/figure>\n\n\n\n<figure class=\"wp-block-image size-large\"><a href=\"http:\/\/radioluna.iesalbarregas.com\/wp-content\/uploads\/2023\/02\/Muevete-.jpg\"><img loading=\"lazy\" width=\"1024\" height=\"768\" data-id=\"1791\"  src=\"http:\/\/radioluna.iesalbarregas.com\/wp-content\/uploads\/2023\/02\/Muevete-.jpg\" alt=\"\" class=\"wp-image-1791\" srcset=\"http:\/\/radioluna.iesalbarregas.com\/wp-content\/uploads\/2023\/02\/Muevete-.jpg 1024w, http:\/\/radioluna.iesalbarregas.com\/wp-content\/uploads\/2023\/02\/Muevete--300x225.jpg 300w, http:\/\/radioluna.iesalbarregas.com\/wp-content\/uploads\/2023\/02\/Muevete--768x576.jpg 768w, http:\/\/radioluna.iesalbarregas.com\/wp-content\/uploads\/2023\/02\/Muevete--400x300.jpg 400w\" sizes=\"(max-width: 1024px) 100vw, 1024px\" \/><\/a><\/figure>\n<\/figure>\n","protected":false},"excerpt":{"rendered":"<p>Hoy durante la segunda jornada del Programa Mu\u00e9vete 2023 en la que hemos recibido como centros observadores al IESO Valles de Gata e IES LLerena, una de las actividades previstas ha consistido en explicar el Proyecto de Centro de Radio &hellip; <a href=\"http:\/\/radioluna.iesalbarregas.com\/?p=1787\">Sigue leyendo <span class=\"meta-nav\">&rarr;<\/span><\/a><\/p>\n","protected":false},"author":2,"featured_media":0,"comment_status":"closed","ping_status":"closed","sticky":false,"template":"","format":"standard","meta":[],"categories":[9],"tags":[132],"_links":{"self":[{"href":"http:\/\/radioluna.iesalbarregas.com\/index.php?rest_route=\/wp\/v2\/posts\/1787"}],"collection":[{"href":"http:\/\/radioluna.iesalbarregas.com\/index.php?rest_route=\/wp\/v2\/posts"}],"about":[{"href":"http:\/\/radioluna.iesalbarregas.com\/index.php?rest_route=\/wp\/v2\/types\/post"}],"author":[{"embeddable":true,"href":"http:\/\/radioluna.iesalbarregas.com\/index.php?rest_route=\/wp\/v2\/users\/2"}],"replies":[{"embeddable":true,"href":"http:\/\/radioluna.iesalbarregas.com\/index.php?rest_route=%2Fwp%2Fv2%2Fcomments&post=1787"}],"version-history":[{"count":1,"href":"http:\/\/radioluna.iesalbarregas.com\/index.php?rest_route=\/wp\/v2\/posts\/1787\/revisions"}],"predecessor-version":[{"id":1792,"href":"http:\/\/radioluna.iesalbarregas.com\/index.php?rest_route=\/wp\/v2\/posts\/1787\/revisions\/1792"}],"wp:attachment":[{"href":"http:\/\/radioluna.iesalbarregas.com\/index.php?rest_route=%2Fwp%2Fv2%2Fmedia&parent=1787"}],"wp:term":[{"taxonomy":"category","embeddable":true,"href":"http:\/\/radioluna.iesalbarregas.com\/index.php?rest_route=%2Fwp%2Fv2%2Fcategories&post=1787"},{"taxonomy":"post_tag","embeddable":true,"href":"http:\/\/radioluna.iesalbarregas.com\/index.php?rest_route=%2Fwp%2Fv2%2Ftags&post=1787"}],"curies":[{"name":"wp","href":"https:\/\/api.w.org\/{rel}","templated":true}]}}