{"id":176,"date":"2016-05-02T18:19:33","date_gmt":"2016-05-02T17:19:33","guid":{"rendered":"http:\/\/radioluna.iesalbarregas.com\/?p=176"},"modified":"2020-04-05T12:29:14","modified_gmt":"2020-04-05T11:29:14","slug":"xxv-anitos-del-ies-albarregas","status":"publish","type":"post","link":"http:\/\/radioluna.iesalbarregas.com\/?p=176","title":{"rendered":"\u00a1XXV a\u00f1itos del IES Albarregas!"},"content":{"rendered":"<p style=\"text-align: justify;\">Y para celebrarlo, \u00a1c\u00f3mo no! RadioLuna cuelga un v\u00eddeo conmemorativo en su web. Se trata de un v\u00eddeo en el que se muestras momentos de estos veinticinco a\u00f1os de existencia de nuestro centro, \u00a1con im\u00e1genes del primer curso, all\u00e1 por 1991\/92! Tambi\u00e9n aparecen colaboraciones de antiguos profesores y alumnos que han recordado su paso por nuestro instituto. Media hora de memoria que, como siempre, no hace mirar al futuro con ilusi\u00f3n. Lo pod\u00e9is ver en la secci\u00f3n \u00ab<a href=\"http:\/\/radioluna.iesalbarregas.com\/?page_id=60\"><span style=\"color: #ff6600;\"><em><strong>M\u00e1s cosas<\/strong><\/em><\/span><\/a>\u00ab.<\/p>\n","protected":false},"excerpt":{"rendered":"<p>Y para celebrarlo, \u00a1c\u00f3mo no! RadioLuna cuelga un v\u00eddeo conmemorativo en su web. Se trata de un v\u00eddeo en el que se muestras momentos de estos veinticinco a\u00f1os de existencia de nuestro centro, \u00a1con im\u00e1genes del primer curso, all\u00e1 por &hellip; <a href=\"http:\/\/radioluna.iesalbarregas.com\/?p=176\">Sigue leyendo <span class=\"meta-nav\">&rarr;<\/span><\/a><\/p>\n","protected":false},"author":1,"featured_media":0,"comment_status":"open","ping_status":"open","sticky":false,"template":"","format":"standard","meta":[],"categories":[44],"tags":[],"_links":{"self":[{"href":"http:\/\/radioluna.iesalbarregas.com\/index.php?rest_route=\/wp\/v2\/posts\/176"}],"collection":[{"href":"http:\/\/radioluna.iesalbarregas.com\/index.php?rest_route=\/wp\/v2\/posts"}],"about":[{"href":"http:\/\/radioluna.iesalbarregas.com\/index.php?rest_route=\/wp\/v2\/types\/post"}],"author":[{"embeddable":true,"href":"http:\/\/radioluna.iesalbarregas.com\/index.php?rest_route=\/wp\/v2\/users\/1"}],"replies":[{"embeddable":true,"href":"http:\/\/radioluna.iesalbarregas.com\/index.php?rest_route=%2Fwp%2Fv2%2Fcomments&post=176"}],"version-history":[{"count":1,"href":"http:\/\/radioluna.iesalbarregas.com\/index.php?rest_route=\/wp\/v2\/posts\/176\/revisions"}],"predecessor-version":[{"id":177,"href":"http:\/\/radioluna.iesalbarregas.com\/index.php?rest_route=\/wp\/v2\/posts\/176\/revisions\/177"}],"wp:attachment":[{"href":"http:\/\/radioluna.iesalbarregas.com\/index.php?rest_route=%2Fwp%2Fv2%2Fmedia&parent=176"}],"wp:term":[{"taxonomy":"category","embeddable":true,"href":"http:\/\/radioluna.iesalbarregas.com\/index.php?rest_route=%2Fwp%2Fv2%2Fcategories&post=176"},{"taxonomy":"post_tag","embeddable":true,"href":"http:\/\/radioluna.iesalbarregas.com\/index.php?rest_route=%2Fwp%2Fv2%2Ftags&post=176"}],"curies":[{"name":"wp","href":"https:\/\/api.w.org\/{rel}","templated":true}]}}