{"id":1756,"date":"2023-01-24T11:17:30","date_gmt":"2023-01-24T10:17:30","guid":{"rendered":"http:\/\/radioluna.iesalbarregas.com\/?p=1756"},"modified":"2023-01-24T18:18:40","modified_gmt":"2023-01-24T17:18:40","slug":"visita-a-la-hormiga-verde","status":"publish","type":"post","link":"http:\/\/radioluna.iesalbarregas.com\/?p=1756","title":{"rendered":"VISITA A LA HORMIGA VERDE"},"content":{"rendered":"\n<figure class=\"wp-block-audio\"><audio controls src=\"http:\/\/radioluna.iesalbarregas.com\/wp-content\/uploads\/2023\/01\/La-Hormiga-Verde.mp3\"><\/audio><\/figure>\n\n\n\n<p>El pasado lunes 23 de enero, el alumnado de 1\u00ba PMAR, 2\u00ba ESO F y 3\u00ba ESO D realiz\u00f3 una visita al Centro Especial de Empleo \u201cLa Hormiga Verde\u201d en la localidad de Villafranca de los Barros. Este centro se dedica al reciclaje de basura electr\u00f3nica, una parte de ella les llega cedida desde los centros escolares, gracias al concurso que cada a\u00f1o ponen en marcha y en el que este a\u00f1o participa nuestro centro. Tras la visita, Jimena S\u00e1nchez y Carla Aza realizaron una entrevista a Ignacio Garc\u00eda, gerente y, como \u00e9l mismo dice, padre de la criatura \u201cLa Hormiga Verde\u201d. Las profesoras encargadas de organizar esta actividad fueron Conchita Barriga y Merche Regalado.<\/p>\n\n\n\n<figure class=\"wp-block-gallery has-nested-images columns-default is-cropped\">\n<figure class=\"wp-block-image size-large\"><a href=\"http:\/\/radioluna.iesalbarregas.com\/wp-content\/uploads\/2023\/01\/Hormiga-1.jpg\"><img loading=\"lazy\" width=\"1024\" height=\"576\" data-id=\"1758\"  src=\"http:\/\/radioluna.iesalbarregas.com\/wp-content\/uploads\/2023\/01\/Hormiga-1-1024x576.jpg\" alt=\"\" class=\"wp-image-1758\" srcset=\"http:\/\/radioluna.iesalbarregas.com\/wp-content\/uploads\/2023\/01\/Hormiga-1-1024x576.jpg 1024w, http:\/\/radioluna.iesalbarregas.com\/wp-content\/uploads\/2023\/01\/Hormiga-1-300x169.jpg 300w, http:\/\/radioluna.iesalbarregas.com\/wp-content\/uploads\/2023\/01\/Hormiga-1-768x432.jpg 768w, http:\/\/radioluna.iesalbarregas.com\/wp-content\/uploads\/2023\/01\/Hormiga-1-1536x864.jpg 1536w, http:\/\/radioluna.iesalbarregas.com\/wp-content\/uploads\/2023\/01\/Hormiga-1-500x281.jpg 500w, http:\/\/radioluna.iesalbarregas.com\/wp-content\/uploads\/2023\/01\/Hormiga-1.jpg 1600w\" sizes=\"(max-width: 1024px) 100vw, 1024px\" \/><\/a><\/figure>\n\n\n\n<figure class=\"wp-block-image size-large\"><a href=\"http:\/\/radioluna.iesalbarregas.com\/wp-content\/uploads\/2023\/01\/Hormiga-2.jpg\"><img loading=\"lazy\" width=\"1024\" height=\"576\" data-id=\"1759\"  src=\"http:\/\/radioluna.iesalbarregas.com\/wp-content\/uploads\/2023\/01\/Hormiga-2-1024x576.jpg\" alt=\"\" class=\"wp-image-1759\" srcset=\"http:\/\/radioluna.iesalbarregas.com\/wp-content\/uploads\/2023\/01\/Hormiga-2-1024x576.jpg 1024w, http:\/\/radioluna.iesalbarregas.com\/wp-content\/uploads\/2023\/01\/Hormiga-2-300x169.jpg 300w, http:\/\/radioluna.iesalbarregas.com\/wp-content\/uploads\/2023\/01\/Hormiga-2-768x432.jpg 768w, http:\/\/radioluna.iesalbarregas.com\/wp-content\/uploads\/2023\/01\/Hormiga-2-1536x864.jpg 1536w, http:\/\/radioluna.iesalbarregas.com\/wp-content\/uploads\/2023\/01\/Hormiga-2-500x281.jpg 500w, http:\/\/radioluna.iesalbarregas.com\/wp-content\/uploads\/2023\/01\/Hormiga-2.jpg 1600w\" sizes=\"(max-width: 1024px) 100vw, 1024px\" \/><\/a><\/figure>\n\n\n\n<figure class=\"wp-block-image size-large\"><a href=\"http:\/\/radioluna.iesalbarregas.com\/wp-content\/uploads\/2023\/01\/Hormiga-3.jpg\"><img loading=\"lazy\" width=\"1024\" height=\"576\" data-id=\"1760\"  src=\"http:\/\/radioluna.iesalbarregas.com\/wp-content\/uploads\/2023\/01\/Hormiga-3-1024x576.jpg\" alt=\"\" class=\"wp-image-1760\" srcset=\"http:\/\/radioluna.iesalbarregas.com\/wp-content\/uploads\/2023\/01\/Hormiga-3-1024x576.jpg 1024w, http:\/\/radioluna.iesalbarregas.com\/wp-content\/uploads\/2023\/01\/Hormiga-3-300x169.jpg 300w, http:\/\/radioluna.iesalbarregas.com\/wp-content\/uploads\/2023\/01\/Hormiga-3-768x432.jpg 768w, http:\/\/radioluna.iesalbarregas.com\/wp-content\/uploads\/2023\/01\/Hormiga-3-1536x864.jpg 1536w, http:\/\/radioluna.iesalbarregas.com\/wp-content\/uploads\/2023\/01\/Hormiga-3-500x281.jpg 500w, http:\/\/radioluna.iesalbarregas.com\/wp-content\/uploads\/2023\/01\/Hormiga-3.jpg 2000w\" sizes=\"(max-width: 1024px) 100vw, 1024px\" \/><\/a><\/figure>\n<\/figure>\n","protected":false},"excerpt":{"rendered":"<p>El pasado lunes 23 de enero, el alumnado de 1\u00ba PMAR, 2\u00ba ESO F y 3\u00ba ESO D realiz\u00f3 una visita al Centro Especial de Empleo \u201cLa Hormiga Verde\u201d en la localidad de Villafranca de los Barros. Este centro se &hellip; <a href=\"http:\/\/radioluna.iesalbarregas.com\/?p=1756\">Sigue leyendo <span class=\"meta-nav\">&rarr;<\/span><\/a><\/p>\n","protected":false},"author":2,"featured_media":0,"comment_status":"closed","ping_status":"closed","sticky":false,"template":"","format":"standard","meta":[],"categories":[9],"tags":[130,128],"_links":{"self":[{"href":"http:\/\/radioluna.iesalbarregas.com\/index.php?rest_route=\/wp\/v2\/posts\/1756"}],"collection":[{"href":"http:\/\/radioluna.iesalbarregas.com\/index.php?rest_route=\/wp\/v2\/posts"}],"about":[{"href":"http:\/\/radioluna.iesalbarregas.com\/index.php?rest_route=\/wp\/v2\/types\/post"}],"author":[{"embeddable":true,"href":"http:\/\/radioluna.iesalbarregas.com\/index.php?rest_route=\/wp\/v2\/users\/2"}],"replies":[{"embeddable":true,"href":"http:\/\/radioluna.iesalbarregas.com\/index.php?rest_route=%2Fwp%2Fv2%2Fcomments&post=1756"}],"version-history":[{"count":2,"href":"http:\/\/radioluna.iesalbarregas.com\/index.php?rest_route=\/wp\/v2\/posts\/1756\/revisions"}],"predecessor-version":[{"id":1763,"href":"http:\/\/radioluna.iesalbarregas.com\/index.php?rest_route=\/wp\/v2\/posts\/1756\/revisions\/1763"}],"wp:attachment":[{"href":"http:\/\/radioluna.iesalbarregas.com\/index.php?rest_route=%2Fwp%2Fv2%2Fmedia&parent=1756"}],"wp:term":[{"taxonomy":"category","embeddable":true,"href":"http:\/\/radioluna.iesalbarregas.com\/index.php?rest_route=%2Fwp%2Fv2%2Fcategories&post=1756"},{"taxonomy":"post_tag","embeddable":true,"href":"http:\/\/radioluna.iesalbarregas.com\/index.php?rest_route=%2Fwp%2Fv2%2Ftags&post=1756"}],"curies":[{"name":"wp","href":"https:\/\/api.w.org\/{rel}","templated":true}]}}