{"id":1749,"date":"2023-01-24T10:44:57","date_gmt":"2023-01-24T09:44:57","guid":{"rendered":"http:\/\/radioluna.iesalbarregas.com\/?p=1749"},"modified":"2023-03-19T10:42:34","modified_gmt":"2023-03-19T09:42:34","slug":"entrevista-a-laura-campos","status":"publish","type":"post","link":"http:\/\/radioluna.iesalbarregas.com\/?p=1749","title":{"rendered":"ENTREVISTA A LAURA CAMPOS"},"content":{"rendered":"\n<figure class=\"wp-block-audio\"><audio controls src=\"http:\/\/radioluna.iesalbarregas.com\/wp-content\/uploads\/2023\/01\/Deporte-y-valores.mp3\"><\/audio><\/figure>\n\n\n\n<p>El pasado 16 de enero realizamos una actividad englobada dentro del programa \u00abPromoci\u00f3n de Valores en del Deporte en Edad Escolar\u00bb que consisti\u00f3 en en una charla y debate sobre la importancia de dichos valores. Esta charla fue impartida por la gimnasta Laura Campos, natural de Calamonte, que particip\u00f3 representando al equipo nacional de gimnasia art\u00edstica en los Juegos Ol\u00edmpicos de Atenas y de Pek\u00edn. Medalla de plata en la Copa del Mundo y muchos otros lorgos. Tras la charla, tuvimos la oportunidad de hacerle una entrevista en el estudio de Radio Luna. Paula Fern\u00e1ndez, Hern\u00e1n Guti\u00e9rrez, Sof\u00eda Llanos y Ra\u00fal Rodr\u00edguez de 2\u00baESO E, fueron los encargados de realizar la entrevista. El profesor encargado de este programa y de esta actividad ha sido \u00c1ngel Morales Campos.<\/p>\n\n\n\n<figure class=\"wp-block-gallery has-nested-images columns-default is-cropped\">\n<figure class=\"wp-block-image size-large\"><a href=\"http:\/\/radioluna.iesalbarregas.com\/wp-content\/uploads\/2023\/01\/1-scaled.jpg\"><img loading=\"lazy\" width=\"1024\" height=\"768\" data-id=\"1751\"  src=\"http:\/\/radioluna.iesalbarregas.com\/wp-content\/uploads\/2023\/01\/1-1024x768.jpg\" alt=\"\" class=\"wp-image-1751\" srcset=\"http:\/\/radioluna.iesalbarregas.com\/wp-content\/uploads\/2023\/01\/1-1024x768.jpg 1024w, http:\/\/radioluna.iesalbarregas.com\/wp-content\/uploads\/2023\/01\/1-300x225.jpg 300w, http:\/\/radioluna.iesalbarregas.com\/wp-content\/uploads\/2023\/01\/1-768x576.jpg 768w, http:\/\/radioluna.iesalbarregas.com\/wp-content\/uploads\/2023\/01\/1-1536x1152.jpg 1536w, http:\/\/radioluna.iesalbarregas.com\/wp-content\/uploads\/2023\/01\/1-2048x1536.jpg 2048w, http:\/\/radioluna.iesalbarregas.com\/wp-content\/uploads\/2023\/01\/1-400x300.jpg 400w\" sizes=\"(max-width: 1024px) 100vw, 1024px\" \/><\/a><\/figure>\n\n\n\n<figure class=\"wp-block-image size-large\"><a href=\"http:\/\/radioluna.iesalbarregas.com\/wp-content\/uploads\/2023\/01\/2-scaled.jpg\"><img loading=\"lazy\" width=\"1024\" height=\"768\" data-id=\"1752\"  src=\"http:\/\/radioluna.iesalbarregas.com\/wp-content\/uploads\/2023\/01\/2-1024x768.jpg\" alt=\"\" class=\"wp-image-1752\" srcset=\"http:\/\/radioluna.iesalbarregas.com\/wp-content\/uploads\/2023\/01\/2-1024x768.jpg 1024w, http:\/\/radioluna.iesalbarregas.com\/wp-content\/uploads\/2023\/01\/2-300x225.jpg 300w, http:\/\/radioluna.iesalbarregas.com\/wp-content\/uploads\/2023\/01\/2-768x576.jpg 768w, http:\/\/radioluna.iesalbarregas.com\/wp-content\/uploads\/2023\/01\/2-1536x1152.jpg 1536w, http:\/\/radioluna.iesalbarregas.com\/wp-content\/uploads\/2023\/01\/2-2048x1536.jpg 2048w, http:\/\/radioluna.iesalbarregas.com\/wp-content\/uploads\/2023\/01\/2-400x300.jpg 400w\" sizes=\"(max-width: 1024px) 100vw, 1024px\" \/><\/a><\/figure>\n\n\n\n<figure class=\"wp-block-image size-large\"><a href=\"http:\/\/radioluna.iesalbarregas.com\/wp-content\/uploads\/2023\/01\/3-scaled.jpg\"><img loading=\"lazy\" width=\"1024\" height=\"768\" data-id=\"1753\"  src=\"http:\/\/radioluna.iesalbarregas.com\/wp-content\/uploads\/2023\/01\/3-1024x768.jpg\" alt=\"\" class=\"wp-image-1753\" srcset=\"http:\/\/radioluna.iesalbarregas.com\/wp-content\/uploads\/2023\/01\/3-1024x768.jpg 1024w, http:\/\/radioluna.iesalbarregas.com\/wp-content\/uploads\/2023\/01\/3-300x225.jpg 300w, http:\/\/radioluna.iesalbarregas.com\/wp-content\/uploads\/2023\/01\/3-768x576.jpg 768w, http:\/\/radioluna.iesalbarregas.com\/wp-content\/uploads\/2023\/01\/3-1536x1152.jpg 1536w, http:\/\/radioluna.iesalbarregas.com\/wp-content\/uploads\/2023\/01\/3-2048x1536.jpg 2048w, http:\/\/radioluna.iesalbarregas.com\/wp-content\/uploads\/2023\/01\/3-400x300.jpg 400w\" sizes=\"(max-width: 1024px) 100vw, 1024px\" \/><\/a><\/figure>\n\n\n\n<figure class=\"wp-block-image size-large\"><a href=\"http:\/\/radioluna.iesalbarregas.com\/wp-content\/uploads\/2023\/01\/4-scaled.jpg\"><img loading=\"lazy\" width=\"1024\" height=\"768\" data-id=\"1754\"  src=\"http:\/\/radioluna.iesalbarregas.com\/wp-content\/uploads\/2023\/01\/4-1024x768.jpg\" alt=\"\" class=\"wp-image-1754\" srcset=\"http:\/\/radioluna.iesalbarregas.com\/wp-content\/uploads\/2023\/01\/4-1024x768.jpg 1024w, http:\/\/radioluna.iesalbarregas.com\/wp-content\/uploads\/2023\/01\/4-300x225.jpg 300w, http:\/\/radioluna.iesalbarregas.com\/wp-content\/uploads\/2023\/01\/4-768x576.jpg 768w, http:\/\/radioluna.iesalbarregas.com\/wp-content\/uploads\/2023\/01\/4-1536x1152.jpg 1536w, http:\/\/radioluna.iesalbarregas.com\/wp-content\/uploads\/2023\/01\/4-2048x1536.jpg 2048w, http:\/\/radioluna.iesalbarregas.com\/wp-content\/uploads\/2023\/01\/4-400x300.jpg 400w\" sizes=\"(max-width: 1024px) 100vw, 1024px\" \/><\/a><\/figure>\n<\/figure>\n","protected":false},"excerpt":{"rendered":"<p>El pasado 16 de enero realizamos una actividad englobada dentro del programa \u00abPromoci\u00f3n de Valores en del Deporte en Edad Escolar\u00bb que consisti\u00f3 en en una charla y debate sobre la importancia de dichos valores. Esta charla fue impartida por &hellip; <a href=\"http:\/\/radioluna.iesalbarregas.com\/?p=1749\">Sigue leyendo <span class=\"meta-nav\">&rarr;<\/span><\/a><\/p>\n","protected":false},"author":2,"featured_media":0,"comment_status":"closed","ping_status":"closed","sticky":false,"template":"","format":"standard","meta":[],"categories":[53,9],"tags":[114],"_links":{"self":[{"href":"http:\/\/radioluna.iesalbarregas.com\/index.php?rest_route=\/wp\/v2\/posts\/1749"}],"collection":[{"href":"http:\/\/radioluna.iesalbarregas.com\/index.php?rest_route=\/wp\/v2\/posts"}],"about":[{"href":"http:\/\/radioluna.iesalbarregas.com\/index.php?rest_route=\/wp\/v2\/types\/post"}],"author":[{"embeddable":true,"href":"http:\/\/radioluna.iesalbarregas.com\/index.php?rest_route=\/wp\/v2\/users\/2"}],"replies":[{"embeddable":true,"href":"http:\/\/radioluna.iesalbarregas.com\/index.php?rest_route=%2Fwp%2Fv2%2Fcomments&post=1749"}],"version-history":[{"count":1,"href":"http:\/\/radioluna.iesalbarregas.com\/index.php?rest_route=\/wp\/v2\/posts\/1749\/revisions"}],"predecessor-version":[{"id":1755,"href":"http:\/\/radioluna.iesalbarregas.com\/index.php?rest_route=\/wp\/v2\/posts\/1749\/revisions\/1755"}],"wp:attachment":[{"href":"http:\/\/radioluna.iesalbarregas.com\/index.php?rest_route=%2Fwp%2Fv2%2Fmedia&parent=1749"}],"wp:term":[{"taxonomy":"category","embeddable":true,"href":"http:\/\/radioluna.iesalbarregas.com\/index.php?rest_route=%2Fwp%2Fv2%2Fcategories&post=1749"},{"taxonomy":"post_tag","embeddable":true,"href":"http:\/\/radioluna.iesalbarregas.com\/index.php?rest_route=%2Fwp%2Fv2%2Ftags&post=1749"}],"curies":[{"name":"wp","href":"https:\/\/api.w.org\/{rel}","templated":true}]}}