{"id":1741,"date":"2023-01-16T12:13:31","date_gmt":"2023-01-16T11:13:31","guid":{"rendered":"http:\/\/radioluna.iesalbarregas.com\/?p=1741"},"modified":"2023-01-16T12:13:31","modified_gmt":"2023-01-16T11:13:31","slug":"menores-ni-una-gota","status":"publish","type":"post","link":"http:\/\/radioluna.iesalbarregas.com\/?p=1741","title":{"rendered":"MENORES NI UNA GOTA"},"content":{"rendered":"\n<p>A lo largo de esta semana, el alumnado de 3\u00ba de ESO va a recibir unas charlas sobre prevenci\u00f3n del consumo de alcohol en adolescentes. La encargada de impartir las charlas es Isabel Ram\u00edrez Gragera, monitora de la Fundaci\u00f3n Alcohol y Sociedad. Isabel ha pasado por el estudio de Radio Luna, donde Nerea, Alba. Lidia, Mar\u00eda y Claudia , alumnas de 3\u00baA, le han entrevistado. <\/p>\n\n\n\n<figure class=\"wp-block-audio\"><audio controls src=\"http:\/\/radioluna.iesalbarregas.com\/wp-content\/uploads\/2023\/01\/Menores-ni-una-Gota.mp3\"><\/audio><\/figure>\n\n\n\n<figure class=\"wp-block-gallery has-nested-images columns-default is-cropped\">\n<figure class=\"wp-block-image size-large\"><a href=\"http:\/\/radioluna.iesalbarregas.com\/wp-content\/uploads\/2023\/01\/Menores-ni-una-gota-1-scaled.jpg\"><img loading=\"lazy\" width=\"1024\" height=\"768\" data-id=\"1743\"  src=\"http:\/\/radioluna.iesalbarregas.com\/wp-content\/uploads\/2023\/01\/Menores-ni-una-gota-1-1024x768.jpg\" alt=\"\" class=\"wp-image-1743\" srcset=\"http:\/\/radioluna.iesalbarregas.com\/wp-content\/uploads\/2023\/01\/Menores-ni-una-gota-1-1024x768.jpg 1024w, http:\/\/radioluna.iesalbarregas.com\/wp-content\/uploads\/2023\/01\/Menores-ni-una-gota-1-300x225.jpg 300w, http:\/\/radioluna.iesalbarregas.com\/wp-content\/uploads\/2023\/01\/Menores-ni-una-gota-1-768x576.jpg 768w, http:\/\/radioluna.iesalbarregas.com\/wp-content\/uploads\/2023\/01\/Menores-ni-una-gota-1-1536x1152.jpg 1536w, http:\/\/radioluna.iesalbarregas.com\/wp-content\/uploads\/2023\/01\/Menores-ni-una-gota-1-2048x1536.jpg 2048w, http:\/\/radioluna.iesalbarregas.com\/wp-content\/uploads\/2023\/01\/Menores-ni-una-gota-1-400x300.jpg 400w\" sizes=\"(max-width: 1024px) 100vw, 1024px\" \/><\/a><\/figure>\n\n\n\n<figure class=\"wp-block-image size-large\"><a href=\"http:\/\/radioluna.iesalbarregas.com\/wp-content\/uploads\/2023\/01\/Menores-ni-una-gota-2-1-scaled.jpg\"><img loading=\"lazy\" width=\"1024\" height=\"768\" data-id=\"1745\"  src=\"http:\/\/radioluna.iesalbarregas.com\/wp-content\/uploads\/2023\/01\/Menores-ni-una-gota-2-1-1024x768.jpg\" alt=\"\" class=\"wp-image-1745\" srcset=\"http:\/\/radioluna.iesalbarregas.com\/wp-content\/uploads\/2023\/01\/Menores-ni-una-gota-2-1-1024x768.jpg 1024w, http:\/\/radioluna.iesalbarregas.com\/wp-content\/uploads\/2023\/01\/Menores-ni-una-gota-2-1-300x225.jpg 300w, http:\/\/radioluna.iesalbarregas.com\/wp-content\/uploads\/2023\/01\/Menores-ni-una-gota-2-1-768x576.jpg 768w, http:\/\/radioluna.iesalbarregas.com\/wp-content\/uploads\/2023\/01\/Menores-ni-una-gota-2-1-1536x1152.jpg 1536w, http:\/\/radioluna.iesalbarregas.com\/wp-content\/uploads\/2023\/01\/Menores-ni-una-gota-2-1-2048x1536.jpg 2048w, http:\/\/radioluna.iesalbarregas.com\/wp-content\/uploads\/2023\/01\/Menores-ni-una-gota-2-1-400x300.jpg 400w\" sizes=\"(max-width: 1024px) 100vw, 1024px\" \/><\/a><\/figure>\n\n\n\n<figure class=\"wp-block-image size-large\"><a href=\"http:\/\/radioluna.iesalbarregas.com\/wp-content\/uploads\/2023\/01\/1673866740654-scaled.jpg\"><img loading=\"lazy\" width=\"1024\" height=\"768\" data-id=\"1746\"  src=\"http:\/\/radioluna.iesalbarregas.com\/wp-content\/uploads\/2023\/01\/1673866740654-1024x768.jpg\" alt=\"\" class=\"wp-image-1746\" srcset=\"http:\/\/radioluna.iesalbarregas.com\/wp-content\/uploads\/2023\/01\/1673866740654-1024x768.jpg 1024w, http:\/\/radioluna.iesalbarregas.com\/wp-content\/uploads\/2023\/01\/1673866740654-300x225.jpg 300w, http:\/\/radioluna.iesalbarregas.com\/wp-content\/uploads\/2023\/01\/1673866740654-768x576.jpg 768w, http:\/\/radioluna.iesalbarregas.com\/wp-content\/uploads\/2023\/01\/1673866740654-1536x1152.jpg 1536w, http:\/\/radioluna.iesalbarregas.com\/wp-content\/uploads\/2023\/01\/1673866740654-2048x1536.jpg 2048w, http:\/\/radioluna.iesalbarregas.com\/wp-content\/uploads\/2023\/01\/1673866740654-400x300.jpg 400w\" sizes=\"(max-width: 1024px) 100vw, 1024px\" \/><\/a><\/figure>\n<\/figure>\n","protected":false},"excerpt":{"rendered":"<p>A lo largo de esta semana, el alumnado de 3\u00ba de ESO va a recibir unas charlas sobre prevenci\u00f3n del consumo de alcohol en adolescentes. La encargada de impartir las charlas es Isabel Ram\u00edrez Gragera, monitora de la Fundaci\u00f3n Alcohol &hellip; <a href=\"http:\/\/radioluna.iesalbarregas.com\/?p=1741\">Sigue leyendo <span class=\"meta-nav\">&rarr;<\/span><\/a><\/p>\n","protected":false},"author":2,"featured_media":0,"comment_status":"closed","ping_status":"closed","sticky":false,"template":"","format":"standard","meta":[],"categories":[9],"tags":[115,118],"_links":{"self":[{"href":"http:\/\/radioluna.iesalbarregas.com\/index.php?rest_route=\/wp\/v2\/posts\/1741"}],"collection":[{"href":"http:\/\/radioluna.iesalbarregas.com\/index.php?rest_route=\/wp\/v2\/posts"}],"about":[{"href":"http:\/\/radioluna.iesalbarregas.com\/index.php?rest_route=\/wp\/v2\/types\/post"}],"author":[{"embeddable":true,"href":"http:\/\/radioluna.iesalbarregas.com\/index.php?rest_route=\/wp\/v2\/users\/2"}],"replies":[{"embeddable":true,"href":"http:\/\/radioluna.iesalbarregas.com\/index.php?rest_route=%2Fwp%2Fv2%2Fcomments&post=1741"}],"version-history":[{"count":1,"href":"http:\/\/radioluna.iesalbarregas.com\/index.php?rest_route=\/wp\/v2\/posts\/1741\/revisions"}],"predecessor-version":[{"id":1747,"href":"http:\/\/radioluna.iesalbarregas.com\/index.php?rest_route=\/wp\/v2\/posts\/1741\/revisions\/1747"}],"wp:attachment":[{"href":"http:\/\/radioluna.iesalbarregas.com\/index.php?rest_route=%2Fwp%2Fv2%2Fmedia&parent=1741"}],"wp:term":[{"taxonomy":"category","embeddable":true,"href":"http:\/\/radioluna.iesalbarregas.com\/index.php?rest_route=%2Fwp%2Fv2%2Fcategories&post=1741"},{"taxonomy":"post_tag","embeddable":true,"href":"http:\/\/radioluna.iesalbarregas.com\/index.php?rest_route=%2Fwp%2Fv2%2Ftags&post=1741"}],"curies":[{"name":"wp","href":"https:\/\/api.w.org\/{rel}","templated":true}]}}