{"id":1731,"date":"2022-12-18T10:46:07","date_gmt":"2022-12-18T09:46:07","guid":{"rendered":"http:\/\/radioluna.iesalbarregas.com\/?p=1731"},"modified":"2022-12-18T10:46:07","modified_gmt":"2022-12-18T09:46:07","slug":"entrevista-a-guadalupe-saenz","status":"publish","type":"post","link":"http:\/\/radioluna.iesalbarregas.com\/?p=1731","title":{"rendered":"ENTREVISTA A GUADALUPE S\u00c1ENZ"},"content":{"rendered":"\n<p>Las alumnas Carlota Acevedo y Fadela Mulet de 2\u00baA han entrevistado a la profesora Guadalupe S\u00e1enz, Doctora en F\u00edsica por la Universidad de Extremadura, en su \u00faltimo d\u00eda en el IES Albarregas. <\/p>\n\n\n\n<figure class=\"wp-block-audio\"><audio controls src=\"http:\/\/radioluna.iesalbarregas.com\/wp-content\/uploads\/2022\/12\/entrevista-a-Guadalupe.mp3\"><\/audio><\/figure>\n\n\n\n<figure class=\"wp-block-gallery has-nested-images columns-default is-cropped\">\n<figure class=\"wp-block-image size-large\"><a href=\"http:\/\/radioluna.iesalbarregas.com\/wp-content\/uploads\/2022\/12\/1671354479042-scaled.jpg\"><img loading=\"lazy\" width=\"1024\" height=\"768\" data-id=\"1733\"  src=\"http:\/\/radioluna.iesalbarregas.com\/wp-content\/uploads\/2022\/12\/1671354479042-1024x768.jpg\" alt=\"\" class=\"wp-image-1733\" srcset=\"http:\/\/radioluna.iesalbarregas.com\/wp-content\/uploads\/2022\/12\/1671354479042-1024x768.jpg 1024w, http:\/\/radioluna.iesalbarregas.com\/wp-content\/uploads\/2022\/12\/1671354479042-300x225.jpg 300w, http:\/\/radioluna.iesalbarregas.com\/wp-content\/uploads\/2022\/12\/1671354479042-768x576.jpg 768w, http:\/\/radioluna.iesalbarregas.com\/wp-content\/uploads\/2022\/12\/1671354479042-1536x1152.jpg 1536w, http:\/\/radioluna.iesalbarregas.com\/wp-content\/uploads\/2022\/12\/1671354479042-2048x1536.jpg 2048w, http:\/\/radioluna.iesalbarregas.com\/wp-content\/uploads\/2022\/12\/1671354479042-400x300.jpg 400w\" sizes=\"(max-width: 1024px) 100vw, 1024px\" \/><\/a><\/figure>\n\n\n\n<figure class=\"wp-block-image size-large\"><a href=\"http:\/\/radioluna.iesalbarregas.com\/wp-content\/uploads\/2022\/12\/1671354479053-scaled.jpg\"><img loading=\"lazy\" width=\"1024\" height=\"768\" data-id=\"1734\"  src=\"http:\/\/radioluna.iesalbarregas.com\/wp-content\/uploads\/2022\/12\/1671354479053-1024x768.jpg\" alt=\"\" class=\"wp-image-1734\" srcset=\"http:\/\/radioluna.iesalbarregas.com\/wp-content\/uploads\/2022\/12\/1671354479053-1024x768.jpg 1024w, http:\/\/radioluna.iesalbarregas.com\/wp-content\/uploads\/2022\/12\/1671354479053-300x225.jpg 300w, http:\/\/radioluna.iesalbarregas.com\/wp-content\/uploads\/2022\/12\/1671354479053-768x576.jpg 768w, http:\/\/radioluna.iesalbarregas.com\/wp-content\/uploads\/2022\/12\/1671354479053-1536x1152.jpg 1536w, http:\/\/radioluna.iesalbarregas.com\/wp-content\/uploads\/2022\/12\/1671354479053-2048x1536.jpg 2048w, http:\/\/radioluna.iesalbarregas.com\/wp-content\/uploads\/2022\/12\/1671354479053-400x300.jpg 400w\" sizes=\"(max-width: 1024px) 100vw, 1024px\" \/><\/a><\/figure>\n<\/figure>\n","protected":false},"excerpt":{"rendered":"<p>Las alumnas Carlota Acevedo y Fadela Mulet de 2\u00baA han entrevistado a la profesora Guadalupe S\u00e1enz, Doctora en F\u00edsica por la Universidad de Extremadura, en su \u00faltimo d\u00eda en el IES Albarregas.<\/p>\n","protected":false},"author":2,"featured_media":0,"comment_status":"closed","ping_status":"closed","sticky":false,"template":"","format":"standard","meta":[],"categories":[9],"tags":[129,128],"_links":{"self":[{"href":"http:\/\/radioluna.iesalbarregas.com\/index.php?rest_route=\/wp\/v2\/posts\/1731"}],"collection":[{"href":"http:\/\/radioluna.iesalbarregas.com\/index.php?rest_route=\/wp\/v2\/posts"}],"about":[{"href":"http:\/\/radioluna.iesalbarregas.com\/index.php?rest_route=\/wp\/v2\/types\/post"}],"author":[{"embeddable":true,"href":"http:\/\/radioluna.iesalbarregas.com\/index.php?rest_route=\/wp\/v2\/users\/2"}],"replies":[{"embeddable":true,"href":"http:\/\/radioluna.iesalbarregas.com\/index.php?rest_route=%2Fwp%2Fv2%2Fcomments&post=1731"}],"version-history":[{"count":1,"href":"http:\/\/radioluna.iesalbarregas.com\/index.php?rest_route=\/wp\/v2\/posts\/1731\/revisions"}],"predecessor-version":[{"id":1735,"href":"http:\/\/radioluna.iesalbarregas.com\/index.php?rest_route=\/wp\/v2\/posts\/1731\/revisions\/1735"}],"wp:attachment":[{"href":"http:\/\/radioluna.iesalbarregas.com\/index.php?rest_route=%2Fwp%2Fv2%2Fmedia&parent=1731"}],"wp:term":[{"taxonomy":"category","embeddable":true,"href":"http:\/\/radioluna.iesalbarregas.com\/index.php?rest_route=%2Fwp%2Fv2%2Fcategories&post=1731"},{"taxonomy":"post_tag","embeddable":true,"href":"http:\/\/radioluna.iesalbarregas.com\/index.php?rest_route=%2Fwp%2Fv2%2Ftags&post=1731"}],"curies":[{"name":"wp","href":"https:\/\/api.w.org\/{rel}","templated":true}]}}