{"id":1708,"date":"2022-12-09T12:47:48","date_gmt":"2022-12-09T11:47:48","guid":{"rendered":"http:\/\/radioluna.iesalbarregas.com\/?p=1708"},"modified":"2022-12-09T12:50:25","modified_gmt":"2022-12-09T11:50:25","slug":"mujeres-que-inspiran","status":"publish","type":"post","link":"http:\/\/radioluna.iesalbarregas.com\/?p=1708","title":{"rendered":"MUJERES QUE INSPIRAN"},"content":{"rendered":"\n<figure class=\"wp-block-gallery has-nested-images columns-default is-cropped\">\n<figure class=\"wp-block-image size-large\"><a href=\"http:\/\/radioluna.iesalbarregas.com\/wp-content\/uploads\/2022\/12\/5.jpeg\"><img loading=\"lazy\" width=\"1024\" height=\"576\" data-id=\"1710\"  src=\"http:\/\/radioluna.iesalbarregas.com\/wp-content\/uploads\/2022\/12\/5-1024x576.jpeg\" alt=\"\" class=\"wp-image-1710\" srcset=\"http:\/\/radioluna.iesalbarregas.com\/wp-content\/uploads\/2022\/12\/5-1024x576.jpeg 1024w, http:\/\/radioluna.iesalbarregas.com\/wp-content\/uploads\/2022\/12\/5-300x169.jpeg 300w, http:\/\/radioluna.iesalbarregas.com\/wp-content\/uploads\/2022\/12\/5-768x432.jpeg 768w, http:\/\/radioluna.iesalbarregas.com\/wp-content\/uploads\/2022\/12\/5-1536x864.jpeg 1536w, http:\/\/radioluna.iesalbarregas.com\/wp-content\/uploads\/2022\/12\/5-500x281.jpeg 500w, http:\/\/radioluna.iesalbarregas.com\/wp-content\/uploads\/2022\/12\/5.jpeg 2000w\" sizes=\"(max-width: 1024px) 100vw, 1024px\" \/><\/a><\/figure>\n\n\n\n<figure class=\"wp-block-image size-large\"><a href=\"http:\/\/radioluna.iesalbarregas.com\/wp-content\/uploads\/2022\/12\/1670414308065-scaled.jpg\"><img loading=\"lazy\" width=\"1024\" height=\"768\" data-id=\"1712\"  src=\"http:\/\/radioluna.iesalbarregas.com\/wp-content\/uploads\/2022\/12\/1670414308065-1024x768.jpg\" alt=\"\" class=\"wp-image-1712\" srcset=\"http:\/\/radioluna.iesalbarregas.com\/wp-content\/uploads\/2022\/12\/1670414308065-1024x768.jpg 1024w, http:\/\/radioluna.iesalbarregas.com\/wp-content\/uploads\/2022\/12\/1670414308065-300x225.jpg 300w, http:\/\/radioluna.iesalbarregas.com\/wp-content\/uploads\/2022\/12\/1670414308065-768x576.jpg 768w, http:\/\/radioluna.iesalbarregas.com\/wp-content\/uploads\/2022\/12\/1670414308065-1536x1152.jpg 1536w, http:\/\/radioluna.iesalbarregas.com\/wp-content\/uploads\/2022\/12\/1670414308065-2048x1536.jpg 2048w, http:\/\/radioluna.iesalbarregas.com\/wp-content\/uploads\/2022\/12\/1670414308065-400x300.jpg 400w\" sizes=\"(max-width: 1024px) 100vw, 1024px\" \/><\/a><\/figure>\n\n\n\n<figure class=\"wp-block-image size-large\"><a href=\"http:\/\/radioluna.iesalbarregas.com\/wp-content\/uploads\/2022\/12\/1670414308044-scaled.jpg\"><img loading=\"lazy\" width=\"768\" height=\"1024\" data-id=\"1711\"  src=\"http:\/\/radioluna.iesalbarregas.com\/wp-content\/uploads\/2022\/12\/1670414308044-768x1024.jpg\" alt=\"\" class=\"wp-image-1711\" srcset=\"http:\/\/radioluna.iesalbarregas.com\/wp-content\/uploads\/2022\/12\/1670414308044-768x1024.jpg 768w, http:\/\/radioluna.iesalbarregas.com\/wp-content\/uploads\/2022\/12\/1670414308044-225x300.jpg 225w, http:\/\/radioluna.iesalbarregas.com\/wp-content\/uploads\/2022\/12\/1670414308044-1152x1536.jpg 1152w, http:\/\/radioluna.iesalbarregas.com\/wp-content\/uploads\/2022\/12\/1670414308044-1536x2048.jpg 1536w, http:\/\/radioluna.iesalbarregas.com\/wp-content\/uploads\/2022\/12\/1670414308044-scaled.jpg 1920w\" sizes=\"(max-width: 768px) 100vw, 768px\" \/><\/a><\/figure>\n<\/figure>\n\n\n\n<p>EL mi\u00e9rcoles 7 de diciembre hemos tenido la suerte de colaborar con la Asociaci\u00f3n Woman Spacede Extremadura, una asociaci\u00f3n sin \u00e1nimo de lucro formada por mujeres relacionadas con el mundo cient\u00edfico y tecnol\u00f3gico de Extremadura que buscan visibilizar el talento de las profesionales de la Ciencia y la Tecnolog\u00eda en nuestra regi\u00f3n. Dentro de su proyecto Mujeres que Inspiran hemos contado con Raquel Mayordomo Acebedo, mujer de ciencias, investigadora incansable, madre infatigable,\u2026que ha compartido con nuestros alumnos de 3\u00ba y 4\u00ba ESO una hora de su tiempo para hacernos llegar su mensaje con \u201cLa ciencia b\u00e1sica como inspiraci\u00f3n\u201d. Aqu\u00ed pod\u00e9is escuchar la entrevista que le hicimos en Radio Luna.<\/p>\n\n\n\n<figure class=\"wp-block-audio\"><audio controls src=\"http:\/\/radioluna.iesalbarregas.com\/wp-content\/uploads\/2022\/12\/Mujeres-que-inspiran.mp3\"><\/audio><\/figure>\n\n\n\n<figure class=\"wp-block-embed is-type-wp-embed is-provider-women-space-el-espacio-para-la-mujer-cientifica-y-tecnologa-de-extremadura wp-block-embed-women-space-el-espacio-para-la-mujer-cientifica-y-tecnologa-de-extremadura\"><div class=\"wp-block-embed__wrapper\">\n<blockquote class=\"wp-embedded-content\" data-secret=\"oAHfHK1L55\"><a href=\"https:\/\/www.womenspace.es\/2022\/07\/29\/raquel-mayordomo-uex\/\">Raquel Mayordomo &#8211; La ciencia b\u00e1sica como inspiraci\u00f3n<\/a><\/blockquote><iframe class=\"wp-embedded-content\" sandbox=\"allow-scripts\" security=\"restricted\" style=\"position: absolute; clip: rect(1px, 1px, 1px, 1px);\" title=\"\u00abRaquel Mayordomo &#8211; La ciencia b\u00e1sica como inspiraci\u00f3n\u00bb \u2014 Women Space - El espacio para la mujer cient\u00edfica y tecn\u00f3loga de Extremadura\" src=\"https:\/\/www.womenspace.es\/2022\/07\/29\/raquel-mayordomo-uex\/embed\/#?secret=fGSwQ28SG8#?secret=oAHfHK1L55\" data-secret=\"oAHfHK1L55\" width=\"584\" height=\"329\" frameborder=\"0\" marginwidth=\"0\" marginheight=\"0\" scrolling=\"no\"><\/iframe>\n<\/div><\/figure>\n","protected":false},"excerpt":{"rendered":"<p>EL mi\u00e9rcoles 7 de diciembre hemos tenido la suerte de colaborar con la Asociaci\u00f3n Woman Spacede Extremadura, una asociaci\u00f3n sin \u00e1nimo de lucro formada por mujeres relacionadas con el mundo cient\u00edfico y tecnol\u00f3gico de Extremadura que buscan visibilizar el talento &hellip; <a href=\"http:\/\/radioluna.iesalbarregas.com\/?p=1708\">Sigue leyendo <span class=\"meta-nav\">&rarr;<\/span><\/a><\/p>\n","protected":false},"author":2,"featured_media":0,"comment_status":"closed","ping_status":"closed","sticky":false,"template":"","format":"standard","meta":[],"categories":[9],"tags":[128],"_links":{"self":[{"href":"http:\/\/radioluna.iesalbarregas.com\/index.php?rest_route=\/wp\/v2\/posts\/1708"}],"collection":[{"href":"http:\/\/radioluna.iesalbarregas.com\/index.php?rest_route=\/wp\/v2\/posts"}],"about":[{"href":"http:\/\/radioluna.iesalbarregas.com\/index.php?rest_route=\/wp\/v2\/types\/post"}],"author":[{"embeddable":true,"href":"http:\/\/radioluna.iesalbarregas.com\/index.php?rest_route=\/wp\/v2\/users\/2"}],"replies":[{"embeddable":true,"href":"http:\/\/radioluna.iesalbarregas.com\/index.php?rest_route=%2Fwp%2Fv2%2Fcomments&post=1708"}],"version-history":[{"count":2,"href":"http:\/\/radioluna.iesalbarregas.com\/index.php?rest_route=\/wp\/v2\/posts\/1708\/revisions"}],"predecessor-version":[{"id":1715,"href":"http:\/\/radioluna.iesalbarregas.com\/index.php?rest_route=\/wp\/v2\/posts\/1708\/revisions\/1715"}],"wp:attachment":[{"href":"http:\/\/radioluna.iesalbarregas.com\/index.php?rest_route=%2Fwp%2Fv2%2Fmedia&parent=1708"}],"wp:term":[{"taxonomy":"category","embeddable":true,"href":"http:\/\/radioluna.iesalbarregas.com\/index.php?rest_route=%2Fwp%2Fv2%2Fcategories&post=1708"},{"taxonomy":"post_tag","embeddable":true,"href":"http:\/\/radioluna.iesalbarregas.com\/index.php?rest_route=%2Fwp%2Fv2%2Ftags&post=1708"}],"curies":[{"name":"wp","href":"https:\/\/api.w.org\/{rel}","templated":true}]}}