{"id":1698,"date":"2022-12-01T09:11:18","date_gmt":"2022-12-01T08:11:18","guid":{"rendered":"http:\/\/radioluna.iesalbarregas.com\/?p=1698"},"modified":"2023-03-19T10:42:49","modified_gmt":"2023-03-19T09:42:49","slug":"micoex-entrevista-a-d-jose-luis-becerra","status":"publish","type":"post","link":"http:\/\/radioluna.iesalbarregas.com\/?p=1698","title":{"rendered":"MICOLOG\u00cdA: ENTREVISTA A D. JOS\u00c9 LUIS BECERRA"},"content":{"rendered":"\n<figure class=\"wp-block-audio\"><audio controls src=\"http:\/\/radioluna.iesalbarregas.com\/wp-content\/uploads\/2022\/12\/Radio-_0522.mp3\"><\/audio><\/figure>\n\n\n\n<p>Entrevista a Don Jos\u00e9 Luis Becerra Gonz\u00e1lez, experto en micolog\u00eda y miembro de la Asociaci\u00f3n Micol\u00f3gica de M\u00e9rida durante las Jornadas de martes micol\u00f3gico que se celebran en el CPR de M\u00e9rida todos los martes de noviembre y en las que se imparten charlas y talleres sobre micolog\u00eda.<\/p>\n\n\n\n<p>La actividad es una acci\u00f3n enmarcada dentro del Proyecto de Innovaci\u00f3n Educativa Small Steps towards a greener future que se desarolla en el IES Albarregas y que entre otros objetivos pretende acercar alumnado y entorno natural para que lo conozcan y as\u00ed aprendan a valorarlo y respetarlo.<\/p>\n\n\n\n<p>Introducir a los ni\u00f1os en la Micolog\u00eda es una oportunidad no solo de que conozcan el mundo de los hongos y, por extensi\u00f3n, de las setas, adem\u00e1s lleva asociadas otras actividades muy interesantes como son la afici\u00f3n por la fotograf\u00eda, el senderismo,&#8230;<\/p>\n\n\n\n<p><strong>Participantes:<\/strong> Jos\u00e9 Luis Becerra Gonz\u00e1lez Mic\u00f3logo y miembro de MICOEX<\/p>\n\n\n\n<p>&nbsp;&nbsp;&nbsp;&nbsp;&nbsp;&nbsp;&nbsp;&nbsp;&nbsp;&nbsp;&nbsp;&nbsp;&nbsp;&nbsp;&nbsp;&nbsp;&nbsp;&nbsp;&nbsp; Guillermo Ledesma Gallardo alumno 1\u00ba ESO C<\/p>\n\n\n\n<p>&nbsp;&nbsp;&nbsp;&nbsp;&nbsp;&nbsp;&nbsp;&nbsp;&nbsp;&nbsp;&nbsp;&nbsp;&nbsp;&nbsp;&nbsp;&nbsp;&nbsp;&nbsp;&nbsp;&nbsp; Claudia Ledesma Gallardo alumna 1\u00ba ESO C<\/p>\n\n\n\n<p>&nbsp;&nbsp;&nbsp;&nbsp;&nbsp;&nbsp;&nbsp;&nbsp;&nbsp;&nbsp;&nbsp;&nbsp;&nbsp;&nbsp;&nbsp;&nbsp;&nbsp;&nbsp;&nbsp;&nbsp;&nbsp; Profesora: Merche Regalado Rodr\u00edguez<\/p>\n\n\n\n<figure class=\"wp-block-gallery has-nested-images columns-default is-cropped\">\n<figure class=\"wp-block-image size-large\"><a href=\"http:\/\/radioluna.iesalbarregas.com\/wp-content\/uploads\/2022\/12\/23.jpeg\"><img loading=\"lazy\" width=\"1024\" height=\"576\" data-id=\"1702\"  src=\"http:\/\/radioluna.iesalbarregas.com\/wp-content\/uploads\/2022\/12\/23-1024x576.jpeg\" alt=\"\" class=\"wp-image-1702\" srcset=\"http:\/\/radioluna.iesalbarregas.com\/wp-content\/uploads\/2022\/12\/23-1024x576.jpeg 1024w, http:\/\/radioluna.iesalbarregas.com\/wp-content\/uploads\/2022\/12\/23-300x169.jpeg 300w, http:\/\/radioluna.iesalbarregas.com\/wp-content\/uploads\/2022\/12\/23-768x432.jpeg 768w, http:\/\/radioluna.iesalbarregas.com\/wp-content\/uploads\/2022\/12\/23-1536x864.jpeg 1536w, http:\/\/radioluna.iesalbarregas.com\/wp-content\/uploads\/2022\/12\/23-500x281.jpeg 500w, http:\/\/radioluna.iesalbarregas.com\/wp-content\/uploads\/2022\/12\/23.jpeg 2000w\" sizes=\"(max-width: 1024px) 100vw, 1024px\" \/><\/a><\/figure>\n\n\n\n<figure class=\"wp-block-image size-large\"><a href=\"http:\/\/radioluna.iesalbarregas.com\/wp-content\/uploads\/2022\/12\/12.jpeg\"><img loading=\"lazy\" width=\"1024\" height=\"576\" data-id=\"1703\"  src=\"http:\/\/radioluna.iesalbarregas.com\/wp-content\/uploads\/2022\/12\/12-1024x576.jpeg\" alt=\"\" class=\"wp-image-1703\" srcset=\"http:\/\/radioluna.iesalbarregas.com\/wp-content\/uploads\/2022\/12\/12-1024x576.jpeg 1024w, http:\/\/radioluna.iesalbarregas.com\/wp-content\/uploads\/2022\/12\/12-300x169.jpeg 300w, http:\/\/radioluna.iesalbarregas.com\/wp-content\/uploads\/2022\/12\/12-768x432.jpeg 768w, http:\/\/radioluna.iesalbarregas.com\/wp-content\/uploads\/2022\/12\/12-1536x864.jpeg 1536w, http:\/\/radioluna.iesalbarregas.com\/wp-content\/uploads\/2022\/12\/12-500x281.jpeg 500w, http:\/\/radioluna.iesalbarregas.com\/wp-content\/uploads\/2022\/12\/12.jpeg 2000w\" sizes=\"(max-width: 1024px) 100vw, 1024px\" \/><\/a><\/figure>\n<\/figure>\n","protected":false},"excerpt":{"rendered":"<p>Entrevista a Don Jos\u00e9 Luis Becerra Gonz\u00e1lez, experto en micolog\u00eda y miembro de la Asociaci\u00f3n Micol\u00f3gica de M\u00e9rida durante las Jornadas de martes micol\u00f3gico que se celebran en el CPR de M\u00e9rida todos los martes de noviembre y en las &hellip; <a href=\"http:\/\/radioluna.iesalbarregas.com\/?p=1698\">Sigue leyendo <span class=\"meta-nav\">&rarr;<\/span><\/a><\/p>\n","protected":false},"author":2,"featured_media":0,"comment_status":"closed","ping_status":"closed","sticky":false,"template":"","format":"standard","meta":[],"categories":[53,9],"tags":[128],"_links":{"self":[{"href":"http:\/\/radioluna.iesalbarregas.com\/index.php?rest_route=\/wp\/v2\/posts\/1698"}],"collection":[{"href":"http:\/\/radioluna.iesalbarregas.com\/index.php?rest_route=\/wp\/v2\/posts"}],"about":[{"href":"http:\/\/radioluna.iesalbarregas.com\/index.php?rest_route=\/wp\/v2\/types\/post"}],"author":[{"embeddable":true,"href":"http:\/\/radioluna.iesalbarregas.com\/index.php?rest_route=\/wp\/v2\/users\/2"}],"replies":[{"embeddable":true,"href":"http:\/\/radioluna.iesalbarregas.com\/index.php?rest_route=%2Fwp%2Fv2%2Fcomments&post=1698"}],"version-history":[{"count":5,"href":"http:\/\/radioluna.iesalbarregas.com\/index.php?rest_route=\/wp\/v2\/posts\/1698\/revisions"}],"predecessor-version":[{"id":1714,"href":"http:\/\/radioluna.iesalbarregas.com\/index.php?rest_route=\/wp\/v2\/posts\/1698\/revisions\/1714"}],"wp:attachment":[{"href":"http:\/\/radioluna.iesalbarregas.com\/index.php?rest_route=%2Fwp%2Fv2%2Fmedia&parent=1698"}],"wp:term":[{"taxonomy":"category","embeddable":true,"href":"http:\/\/radioluna.iesalbarregas.com\/index.php?rest_route=%2Fwp%2Fv2%2Fcategories&post=1698"},{"taxonomy":"post_tag","embeddable":true,"href":"http:\/\/radioluna.iesalbarregas.com\/index.php?rest_route=%2Fwp%2Fv2%2Ftags&post=1698"}],"curies":[{"name":"wp","href":"https:\/\/api.w.org\/{rel}","templated":true}]}}