{"id":1693,"date":"2022-12-01T09:01:43","date_gmt":"2022-12-01T08:01:43","guid":{"rendered":"http:\/\/radioluna.iesalbarregas.com\/?p=1693"},"modified":"2022-12-12T13:12:43","modified_gmt":"2022-12-12T12:12:43","slug":"mercadillo-solidario","status":"publish","type":"post","link":"http:\/\/radioluna.iesalbarregas.com\/?p=1693","title":{"rendered":"MERCADILLO SOLIDARIO"},"content":{"rendered":"\n<p>La pr\u00f3xima actividad del alumnado del Ciclo de Actividades Comerciales, ser\u00e1 un Mercadillo Solidario. Tendr\u00e1 lugar en el hall del centro, los d\u00edas 13, 14 y 15 de diciembre. Desde aqu\u00ed pedimos vuestra colaboraci\u00f3n y ayuda. La recaudaci\u00f3n ser\u00e1 entregada a la Asociaci\u00f3n Oncol\u00f3gica Extreme\u00f1a. Aar\u00f3n Bravo, Anabel Garc\u00eda, Nieves Nogales, Maricruz Moreno y Ram\u00f3n Cabrera nos explican en qu\u00e9 va a consistir y c\u00f3mo pod\u00e9is colaborar. Pod\u00e9is escanear el c\u00f3digo QR para ver los art\u00edculos disponibles en el mercadillo solidario.<\/p>\n\n\n\n<figure class=\"wp-block-audio\"><audio controls src=\"http:\/\/radioluna.iesalbarregas.com\/wp-content\/uploads\/2022\/12\/Mercadillo-Solidario.mp3\"><\/audio><\/figure>\n\n\n\n<figure class=\"wp-block-image size-large\"><a href=\"http:\/\/radioluna.iesalbarregas.com\/wp-content\/uploads\/2022\/12\/QR.png\"><img loading=\"lazy\" width=\"790\" height=\"1024\" src=\"http:\/\/radioluna.iesalbarregas.com\/wp-content\/uploads\/2022\/12\/QR-790x1024.png\" alt=\"\" class=\"wp-image-1716\" srcset=\"http:\/\/radioluna.iesalbarregas.com\/wp-content\/uploads\/2022\/12\/QR-790x1024.png 790w, http:\/\/radioluna.iesalbarregas.com\/wp-content\/uploads\/2022\/12\/QR-231x300.png 231w, http:\/\/radioluna.iesalbarregas.com\/wp-content\/uploads\/2022\/12\/QR-768x996.png 768w, http:\/\/radioluna.iesalbarregas.com\/wp-content\/uploads\/2022\/12\/QR-1185x1536.png 1185w, http:\/\/radioluna.iesalbarregas.com\/wp-content\/uploads\/2022\/12\/QR-1580x2048.png 1580w\" sizes=\"(max-width: 790px) 100vw, 790px\" \/><\/a><\/figure>\n\n\n\n<figure class=\"wp-block-image size-large\"><a href=\"http:\/\/radioluna.iesalbarregas.com\/wp-content\/uploads\/2022\/12\/Cartel_Mercadillo.jpeg\"><img loading=\"lazy\" width=\"1024\" height=\"724\" src=\"http:\/\/radioluna.iesalbarregas.com\/wp-content\/uploads\/2022\/12\/Cartel_Mercadillo-1024x724.jpeg\" alt=\"\" class=\"wp-image-1717\" srcset=\"http:\/\/radioluna.iesalbarregas.com\/wp-content\/uploads\/2022\/12\/Cartel_Mercadillo-1024x724.jpeg 1024w, http:\/\/radioluna.iesalbarregas.com\/wp-content\/uploads\/2022\/12\/Cartel_Mercadillo-300x212.jpeg 300w, http:\/\/radioluna.iesalbarregas.com\/wp-content\/uploads\/2022\/12\/Cartel_Mercadillo-768x543.jpeg 768w, http:\/\/radioluna.iesalbarregas.com\/wp-content\/uploads\/2022\/12\/Cartel_Mercadillo-1536x1086.jpeg 1536w, http:\/\/radioluna.iesalbarregas.com\/wp-content\/uploads\/2022\/12\/Cartel_Mercadillo-424x300.jpeg 424w, http:\/\/radioluna.iesalbarregas.com\/wp-content\/uploads\/2022\/12\/Cartel_Mercadillo.jpeg 2000w\" sizes=\"(max-width: 1024px) 100vw, 1024px\" \/><\/a><\/figure>\n","protected":false},"excerpt":{"rendered":"<p>La pr\u00f3xima actividad del alumnado del Ciclo de Actividades Comerciales, ser\u00e1 un Mercadillo Solidario. Tendr\u00e1 lugar en el hall del centro, los d\u00edas 13, 14 y 15 de diciembre. Desde aqu\u00ed pedimos vuestra colaboraci\u00f3n y ayuda. La recaudaci\u00f3n ser\u00e1 entregada &hellip; <a href=\"http:\/\/radioluna.iesalbarregas.com\/?p=1693\">Sigue leyendo <span class=\"meta-nav\">&rarr;<\/span><\/a><\/p>\n","protected":false},"author":2,"featured_media":0,"comment_status":"closed","ping_status":"closed","sticky":false,"template":"","format":"standard","meta":[],"categories":[9],"tags":[127],"_links":{"self":[{"href":"http:\/\/radioluna.iesalbarregas.com\/index.php?rest_route=\/wp\/v2\/posts\/1693"}],"collection":[{"href":"http:\/\/radioluna.iesalbarregas.com\/index.php?rest_route=\/wp\/v2\/posts"}],"about":[{"href":"http:\/\/radioluna.iesalbarregas.com\/index.php?rest_route=\/wp\/v2\/types\/post"}],"author":[{"embeddable":true,"href":"http:\/\/radioluna.iesalbarregas.com\/index.php?rest_route=\/wp\/v2\/users\/2"}],"replies":[{"embeddable":true,"href":"http:\/\/radioluna.iesalbarregas.com\/index.php?rest_route=%2Fwp%2Fv2%2Fcomments&post=1693"}],"version-history":[{"count":5,"href":"http:\/\/radioluna.iesalbarregas.com\/index.php?rest_route=\/wp\/v2\/posts\/1693\/revisions"}],"predecessor-version":[{"id":1723,"href":"http:\/\/radioluna.iesalbarregas.com\/index.php?rest_route=\/wp\/v2\/posts\/1693\/revisions\/1723"}],"wp:attachment":[{"href":"http:\/\/radioluna.iesalbarregas.com\/index.php?rest_route=%2Fwp%2Fv2%2Fmedia&parent=1693"}],"wp:term":[{"taxonomy":"category","embeddable":true,"href":"http:\/\/radioluna.iesalbarregas.com\/index.php?rest_route=%2Fwp%2Fv2%2Fcategories&post=1693"},{"taxonomy":"post_tag","embeddable":true,"href":"http:\/\/radioluna.iesalbarregas.com\/index.php?rest_route=%2Fwp%2Fv2%2Ftags&post=1693"}],"curies":[{"name":"wp","href":"https:\/\/api.w.org\/{rel}","templated":true}]}}