{"id":168,"date":"2015-11-30T20:02:43","date_gmt":"2015-11-30T19:02:43","guid":{"rendered":"http:\/\/radioluna.iesalbarregas.com\/?p=168"},"modified":"2020-04-05T12:27:55","modified_gmt":"2020-04-05T11:27:55","slug":"programa-12-noviembre-de-2015","status":"publish","type":"post","link":"http:\/\/radioluna.iesalbarregas.com\/?p=168","title":{"rendered":"Programa 12. Noviembre de 2015"},"content":{"rendered":"<p>Hola de nuevo y bienvenidos a RadioLuna, la tele del IES Albarregas.<\/p>\n<p style=\"text-align: justify;\">En esta ocasi\u00f3n nos vamos a centrar en dos noticias de gran trascendencia para nuestro centro: este curso cumplimos 25 a\u00f1os desde que se cre\u00f3 y veremos qu\u00e9 significan estos 25 a\u00f1os y c\u00f3mo lo vamos a celebrar. Y la otra noticia es nuestra experiencia internacional: en lo que llevamos de curso son ya 90 alumnos alemanes, franceses y portugueses los que nos han visitado&#8230; Como siempre, en la secci\u00f3n <a href=\"http:\/\/radioluna.iesalbarregas.com\/?page_id=2\"><em><strong>Programas emitidos<\/strong><\/em><\/a>.<\/p>\n","protected":false},"excerpt":{"rendered":"<p>Hola de nuevo y bienvenidos a RadioLuna, la tele del IES Albarregas. En esta ocasi\u00f3n nos vamos a centrar en dos noticias de gran trascendencia para nuestro centro: este curso cumplimos 25 a\u00f1os desde que se cre\u00f3 y veremos qu\u00e9 &hellip; <a href=\"http:\/\/radioluna.iesalbarregas.com\/?p=168\">Sigue leyendo <span class=\"meta-nav\">&rarr;<\/span><\/a><\/p>\n","protected":false},"author":1,"featured_media":0,"comment_status":"open","ping_status":"open","sticky":false,"template":"","format":"standard","meta":[],"categories":[44],"tags":[],"_links":{"self":[{"href":"http:\/\/radioluna.iesalbarregas.com\/index.php?rest_route=\/wp\/v2\/posts\/168"}],"collection":[{"href":"http:\/\/radioluna.iesalbarregas.com\/index.php?rest_route=\/wp\/v2\/posts"}],"about":[{"href":"http:\/\/radioluna.iesalbarregas.com\/index.php?rest_route=\/wp\/v2\/types\/post"}],"author":[{"embeddable":true,"href":"http:\/\/radioluna.iesalbarregas.com\/index.php?rest_route=\/wp\/v2\/users\/1"}],"replies":[{"embeddable":true,"href":"http:\/\/radioluna.iesalbarregas.com\/index.php?rest_route=%2Fwp%2Fv2%2Fcomments&post=168"}],"version-history":[{"count":1,"href":"http:\/\/radioluna.iesalbarregas.com\/index.php?rest_route=\/wp\/v2\/posts\/168\/revisions"}],"predecessor-version":[{"id":169,"href":"http:\/\/radioluna.iesalbarregas.com\/index.php?rest_route=\/wp\/v2\/posts\/168\/revisions\/169"}],"wp:attachment":[{"href":"http:\/\/radioluna.iesalbarregas.com\/index.php?rest_route=%2Fwp%2Fv2%2Fmedia&parent=168"}],"wp:term":[{"taxonomy":"category","embeddable":true,"href":"http:\/\/radioluna.iesalbarregas.com\/index.php?rest_route=%2Fwp%2Fv2%2Fcategories&post=168"},{"taxonomy":"post_tag","embeddable":true,"href":"http:\/\/radioluna.iesalbarregas.com\/index.php?rest_route=%2Fwp%2Fv2%2Ftags&post=168"}],"curies":[{"name":"wp","href":"https:\/\/api.w.org\/{rel}","templated":true}]}}