{"id":1671,"date":"2022-11-23T09:02:04","date_gmt":"2022-11-23T08:02:04","guid":{"rendered":"http:\/\/radioluna.iesalbarregas.com\/?p=1671"},"modified":"2022-11-23T09:04:56","modified_gmt":"2022-11-23T08:04:56","slug":"fp-dual-daw-experiencias-reales","status":"publish","type":"post","link":"http:\/\/radioluna.iesalbarregas.com\/?p=1671","title":{"rendered":"\u00a1\u00a1FP DUAL DAW!! EXPERIENCIAS REALES"},"content":{"rendered":"\n<p>Los primeros alumnos duales del IES Albarregas nos cuentan c\u00f3mo est\u00e1 siendo su experiencia en la formaci\u00f3n, c\u00f3mo han llegado hasta aqu\u00ed, la formaci\u00f3n en la empresa, su relaci\u00f3n con el emprendimiento y su futuro m\u00e1s pr\u00f3ximo. \u00bfQu\u00e9 te parece la formaci\u00f3n Dual? <a rel=\"noreferrer noopener\" href=\"https:\/\/www.youtube.com\/hashtag\/fp\" target=\"_blank\">#fp<\/a> <a rel=\"noreferrer noopener\" href=\"https:\/\/www.youtube.com\/hashtag\/daw\" target=\"_blank\">#daw<\/a> <a rel=\"noreferrer noopener\" href=\"https:\/\/www.youtube.com\/hashtag\/iesalbarregas\" target=\"_blank\">#iesalbarregas<\/a> <a rel=\"noreferrer noopener\" href=\"https:\/\/www.youtube.com\/hashtag\/m%C3%A9rida\" target=\"_blank\">#m\u00e9rida<\/a> <a rel=\"noreferrer noopener\" href=\"https:\/\/www.youtube.com\/hashtag\/extremadura\" target=\"_blank\">#extremadura<\/a> <a rel=\"noreferrer noopener\" href=\"https:\/\/www.youtube.com\/hashtag\/educaci%C3%B3n\" target=\"_blank\">#educaci\u00f3n<\/a> <a rel=\"noreferrer noopener\" href=\"https:\/\/www.youtube.com\/hashtag\/dual\" target=\"_blank\">#dual<\/a> <a rel=\"noreferrer noopener\" href=\"https:\/\/www.youtube.com\/hashtag\/europa\" target=\"_blank\">#europa<\/a> <a rel=\"noreferrer noopener\" href=\"https:\/\/www.youtube.com\/hashtag\/futuro\" target=\"_blank\">#futuro<\/a> <a rel=\"noreferrer noopener\" href=\"https:\/\/www.youtube.com\/hashtag\/emprendimiento\" target=\"_blank\">#emprendimiento<\/a> <a rel=\"noreferrer noopener\" href=\"https:\/\/www.youtube.com\/hashtag\/radioafi\" target=\"_blank\">#radioafi<\/a> <a rel=\"noreferrer noopener\" href=\"https:\/\/www.youtube.com\/hashtag\/radioluna\" target=\"_blank\">#radioluna<\/a> <a rel=\"noreferrer noopener\" href=\"https:\/\/www.youtube.com\/hashtag\/radioedu\" target=\"_blank\">#radioedu<\/a><\/p>\n\n\n\n<figure class=\"wp-block-embed is-type-video is-provider-youtube wp-block-embed-youtube wp-embed-aspect-16-9 wp-has-aspect-ratio\"><div class=\"wp-block-embed__wrapper\">\n<iframe loading=\"lazy\" title=\"\u203c\ufe0fFP DUAL DAW\u203c\ufe0f \ud83d\udca5Experiencias reales\ud83d\udca5 IES ALBARREGAS (M\u00e9rida)\" width=\"584\" height=\"329\" src=\"https:\/\/www.youtube.com\/embed\/QOGRfAAtiak?feature=oembed\" frameborder=\"0\" allow=\"accelerometer; autoplay; clipboard-write; encrypted-media; gyroscope; picture-in-picture; web-share\" referrerpolicy=\"strict-origin-when-cross-origin\" allowfullscreen><\/iframe>\n<\/div><\/figure>\n\n\n\n<figure class=\"wp-block-gallery has-nested-images columns-default is-cropped\">\n<figure class=\"wp-block-image size-large\"><a href=\"http:\/\/radioluna.iesalbarregas.com\/wp-content\/uploads\/2022\/11\/20221118_183249-scaled.jpg\"><img loading=\"lazy\" width=\"1024\" height=\"576\" data-id=\"1673\"  src=\"http:\/\/radioluna.iesalbarregas.com\/wp-content\/uploads\/2022\/11\/20221118_183249-1024x576.jpg\" alt=\"\" class=\"wp-image-1673\" srcset=\"http:\/\/radioluna.iesalbarregas.com\/wp-content\/uploads\/2022\/11\/20221118_183249-1024x576.jpg 1024w, http:\/\/radioluna.iesalbarregas.com\/wp-content\/uploads\/2022\/11\/20221118_183249-300x169.jpg 300w, http:\/\/radioluna.iesalbarregas.com\/wp-content\/uploads\/2022\/11\/20221118_183249-768x432.jpg 768w, http:\/\/radioluna.iesalbarregas.com\/wp-content\/uploads\/2022\/11\/20221118_183249-1536x864.jpg 1536w, http:\/\/radioluna.iesalbarregas.com\/wp-content\/uploads\/2022\/11\/20221118_183249-2048x1152.jpg 2048w, http:\/\/radioluna.iesalbarregas.com\/wp-content\/uploads\/2022\/11\/20221118_183249-500x281.jpg 500w\" sizes=\"(max-width: 1024px) 100vw, 1024px\" \/><\/a><\/figure>\n\n\n\n<figure class=\"wp-block-image size-large\"><a href=\"http:\/\/radioluna.iesalbarregas.com\/wp-content\/uploads\/2022\/11\/20221118_183236-scaled.jpg\"><img loading=\"lazy\" width=\"1024\" height=\"675\" data-id=\"1674\"  src=\"http:\/\/radioluna.iesalbarregas.com\/wp-content\/uploads\/2022\/11\/20221118_183236-1024x675.jpg\" alt=\"\" class=\"wp-image-1674\" srcset=\"http:\/\/radioluna.iesalbarregas.com\/wp-content\/uploads\/2022\/11\/20221118_183236-1024x675.jpg 1024w, http:\/\/radioluna.iesalbarregas.com\/wp-content\/uploads\/2022\/11\/20221118_183236-300x198.jpg 300w, http:\/\/radioluna.iesalbarregas.com\/wp-content\/uploads\/2022\/11\/20221118_183236-768x506.jpg 768w, http:\/\/radioluna.iesalbarregas.com\/wp-content\/uploads\/2022\/11\/20221118_183236-1536x1013.jpg 1536w, http:\/\/radioluna.iesalbarregas.com\/wp-content\/uploads\/2022\/11\/20221118_183236-2048x1351.jpg 2048w, http:\/\/radioluna.iesalbarregas.com\/wp-content\/uploads\/2022\/11\/20221118_183236-455x300.jpg 455w\" sizes=\"(max-width: 1024px) 100vw, 1024px\" \/><\/a><\/figure>\n<\/figure>\n","protected":false},"excerpt":{"rendered":"<p>Los primeros alumnos duales del IES Albarregas nos cuentan c\u00f3mo est\u00e1 siendo su experiencia en la formaci\u00f3n, c\u00f3mo han llegado hasta aqu\u00ed, la formaci\u00f3n en la empresa, su relaci\u00f3n con el emprendimiento y su futuro m\u00e1s pr\u00f3ximo. \u00bfQu\u00e9 te parece &hellip; <a href=\"http:\/\/radioluna.iesalbarregas.com\/?p=1671\">Sigue leyendo <span class=\"meta-nav\">&rarr;<\/span><\/a><\/p>\n","protected":false},"author":2,"featured_media":0,"comment_status":"closed","ping_status":"closed","sticky":false,"template":"","format":"standard","meta":[],"categories":[44],"tags":[122],"_links":{"self":[{"href":"http:\/\/radioluna.iesalbarregas.com\/index.php?rest_route=\/wp\/v2\/posts\/1671"}],"collection":[{"href":"http:\/\/radioluna.iesalbarregas.com\/index.php?rest_route=\/wp\/v2\/posts"}],"about":[{"href":"http:\/\/radioluna.iesalbarregas.com\/index.php?rest_route=\/wp\/v2\/types\/post"}],"author":[{"embeddable":true,"href":"http:\/\/radioluna.iesalbarregas.com\/index.php?rest_route=\/wp\/v2\/users\/2"}],"replies":[{"embeddable":true,"href":"http:\/\/radioluna.iesalbarregas.com\/index.php?rest_route=%2Fwp%2Fv2%2Fcomments&post=1671"}],"version-history":[{"count":2,"href":"http:\/\/radioluna.iesalbarregas.com\/index.php?rest_route=\/wp\/v2\/posts\/1671\/revisions"}],"predecessor-version":[{"id":1675,"href":"http:\/\/radioluna.iesalbarregas.com\/index.php?rest_route=\/wp\/v2\/posts\/1671\/revisions\/1675"}],"wp:attachment":[{"href":"http:\/\/radioluna.iesalbarregas.com\/index.php?rest_route=%2Fwp%2Fv2%2Fmedia&parent=1671"}],"wp:term":[{"taxonomy":"category","embeddable":true,"href":"http:\/\/radioluna.iesalbarregas.com\/index.php?rest_route=%2Fwp%2Fv2%2Fcategories&post=1671"},{"taxonomy":"post_tag","embeddable":true,"href":"http:\/\/radioluna.iesalbarregas.com\/index.php?rest_route=%2Fwp%2Fv2%2Ftags&post=1671"}],"curies":[{"name":"wp","href":"https:\/\/api.w.org\/{rel}","templated":true}]}}