{"id":1663,"date":"2022-11-21T14:12:43","date_gmt":"2022-11-21T13:12:43","guid":{"rendered":"http:\/\/radioluna.iesalbarregas.com\/?p=1663"},"modified":"2022-11-21T14:12:43","modified_gmt":"2022-11-21T13:12:43","slug":"redes-sociales","status":"publish","type":"post","link":"http:\/\/radioluna.iesalbarregas.com\/?p=1663","title":{"rendered":"REDES SOCIALES"},"content":{"rendered":"\n<p>Desde la Fundaci\u00f3n Atenea se han estado impartiendo unos talleres que han constado de tres sesiones sobre el buen uso de las redes sociales. Como colof\u00f3n, en la \u00faltima sesi\u00f3n del lunes 21 de noviembre, alumnado del primer y segundo curso Formaci\u00f3n Profesional B\u00e1sica (Servicios Administrativos) han pasado por el estudio de Radio Luna acompa\u00f1ados por la educadora de Fundaci\u00f3n Atenea, Luisa L\u00f3pez, para hablar sobre las ventajas e inconvenientes de las redes sociales. Pablo Mata, Ra\u00fal D\u00edaz, Sergio And\u00fajar, Daniel Fern\u00e1ndez y B\u00e1rbara Hidalgo han acompa\u00f1ado a Luisa L\u00f3pez en esta interesant\u00edsima charla. No os la perd\u00e1is.<\/p>\n\n\n\n<figure class=\"wp-block-audio\"><audio controls src=\"http:\/\/radioluna.iesalbarregas.com\/wp-content\/uploads\/2022\/11\/Fundacion-Atenea.mp3\"><\/audio><\/figure>\n\n\n\n<figure class=\"wp-block-gallery has-nested-images columns-default is-cropped\">\n<figure class=\"wp-block-image size-large\"><a href=\"http:\/\/radioluna.iesalbarregas.com\/wp-content\/uploads\/2022\/11\/16690347522131-scaled.jpg\"><img loading=\"lazy\" width=\"768\" height=\"1024\" data-id=\"1667\"  src=\"http:\/\/radioluna.iesalbarregas.com\/wp-content\/uploads\/2022\/11\/16690347522131-768x1024.jpg\" alt=\"\" class=\"wp-image-1667\" srcset=\"http:\/\/radioluna.iesalbarregas.com\/wp-content\/uploads\/2022\/11\/16690347522131-768x1024.jpg 768w, http:\/\/radioluna.iesalbarregas.com\/wp-content\/uploads\/2022\/11\/16690347522131-225x300.jpg 225w, http:\/\/radioluna.iesalbarregas.com\/wp-content\/uploads\/2022\/11\/16690347522131-1152x1536.jpg 1152w, http:\/\/radioluna.iesalbarregas.com\/wp-content\/uploads\/2022\/11\/16690347522131-1536x2048.jpg 1536w, http:\/\/radioluna.iesalbarregas.com\/wp-content\/uploads\/2022\/11\/16690347522131-scaled.jpg 1920w\" sizes=\"(max-width: 768px) 100vw, 768px\" \/><\/a><\/figure>\n\n\n\n<figure class=\"wp-block-image size-large\"><a href=\"http:\/\/radioluna.iesalbarregas.com\/wp-content\/uploads\/2022\/11\/1669034752225-scaled.jpg\"><img loading=\"lazy\" width=\"1024\" height=\"768\" data-id=\"1669\"  src=\"http:\/\/radioluna.iesalbarregas.com\/wp-content\/uploads\/2022\/11\/1669034752225-1024x768.jpg\" alt=\"\" class=\"wp-image-1669\" srcset=\"http:\/\/radioluna.iesalbarregas.com\/wp-content\/uploads\/2022\/11\/1669034752225-1024x768.jpg 1024w, http:\/\/radioluna.iesalbarregas.com\/wp-content\/uploads\/2022\/11\/1669034752225-300x225.jpg 300w, http:\/\/radioluna.iesalbarregas.com\/wp-content\/uploads\/2022\/11\/1669034752225-768x576.jpg 768w, http:\/\/radioluna.iesalbarregas.com\/wp-content\/uploads\/2022\/11\/1669034752225-1536x1152.jpg 1536w, http:\/\/radioluna.iesalbarregas.com\/wp-content\/uploads\/2022\/11\/1669034752225-2048x1536.jpg 2048w, http:\/\/radioluna.iesalbarregas.com\/wp-content\/uploads\/2022\/11\/1669034752225-400x300.jpg 400w\" sizes=\"(max-width: 1024px) 100vw, 1024px\" \/><\/a><\/figure>\n\n\n\n<figure class=\"wp-block-image size-large\"><a href=\"http:\/\/radioluna.iesalbarregas.com\/wp-content\/uploads\/2022\/11\/16690347522181-scaled.jpg\"><img loading=\"lazy\" width=\"1024\" height=\"768\" data-id=\"1668\"  src=\"http:\/\/radioluna.iesalbarregas.com\/wp-content\/uploads\/2022\/11\/16690347522181-1024x768.jpg\" alt=\"\" class=\"wp-image-1668\" srcset=\"http:\/\/radioluna.iesalbarregas.com\/wp-content\/uploads\/2022\/11\/16690347522181-1024x768.jpg 1024w, http:\/\/radioluna.iesalbarregas.com\/wp-content\/uploads\/2022\/11\/16690347522181-300x225.jpg 300w, http:\/\/radioluna.iesalbarregas.com\/wp-content\/uploads\/2022\/11\/16690347522181-768x576.jpg 768w, http:\/\/radioluna.iesalbarregas.com\/wp-content\/uploads\/2022\/11\/16690347522181-1536x1152.jpg 1536w, http:\/\/radioluna.iesalbarregas.com\/wp-content\/uploads\/2022\/11\/16690347522181-2048x1536.jpg 2048w, http:\/\/radioluna.iesalbarregas.com\/wp-content\/uploads\/2022\/11\/16690347522181-400x300.jpg 400w\" sizes=\"(max-width: 1024px) 100vw, 1024px\" \/><\/a><\/figure>\n<\/figure>\n\n\n\n<p><\/p>\n","protected":false},"excerpt":{"rendered":"<p>Desde la Fundaci\u00f3n Atenea se han estado impartiendo unos talleres que han constado de tres sesiones sobre el buen uso de las redes sociales. Como colof\u00f3n, en la \u00faltima sesi\u00f3n del lunes 21 de noviembre, alumnado del primer y segundo &hellip; <a href=\"http:\/\/radioluna.iesalbarregas.com\/?p=1663\">Sigue leyendo <span class=\"meta-nav\">&rarr;<\/span><\/a><\/p>\n","protected":false},"author":2,"featured_media":0,"comment_status":"closed","ping_status":"closed","sticky":false,"template":"","format":"standard","meta":[],"categories":[9],"tags":[115],"_links":{"self":[{"href":"http:\/\/radioluna.iesalbarregas.com\/index.php?rest_route=\/wp\/v2\/posts\/1663"}],"collection":[{"href":"http:\/\/radioluna.iesalbarregas.com\/index.php?rest_route=\/wp\/v2\/posts"}],"about":[{"href":"http:\/\/radioluna.iesalbarregas.com\/index.php?rest_route=\/wp\/v2\/types\/post"}],"author":[{"embeddable":true,"href":"http:\/\/radioluna.iesalbarregas.com\/index.php?rest_route=\/wp\/v2\/users\/2"}],"replies":[{"embeddable":true,"href":"http:\/\/radioluna.iesalbarregas.com\/index.php?rest_route=%2Fwp%2Fv2%2Fcomments&post=1663"}],"version-history":[{"count":1,"href":"http:\/\/radioluna.iesalbarregas.com\/index.php?rest_route=\/wp\/v2\/posts\/1663\/revisions"}],"predecessor-version":[{"id":1670,"href":"http:\/\/radioluna.iesalbarregas.com\/index.php?rest_route=\/wp\/v2\/posts\/1663\/revisions\/1670"}],"wp:attachment":[{"href":"http:\/\/radioluna.iesalbarregas.com\/index.php?rest_route=%2Fwp%2Fv2%2Fmedia&parent=1663"}],"wp:term":[{"taxonomy":"category","embeddable":true,"href":"http:\/\/radioluna.iesalbarregas.com\/index.php?rest_route=%2Fwp%2Fv2%2Fcategories&post=1663"},{"taxonomy":"post_tag","embeddable":true,"href":"http:\/\/radioluna.iesalbarregas.com\/index.php?rest_route=%2Fwp%2Fv2%2Ftags&post=1663"}],"curies":[{"name":"wp","href":"https:\/\/api.w.org\/{rel}","templated":true}]}}