{"id":1647,"date":"2022-11-17T13:37:57","date_gmt":"2022-11-17T12:37:57","guid":{"rendered":"http:\/\/radioluna.iesalbarregas.com\/?p=1647"},"modified":"2022-11-17T14:36:42","modified_gmt":"2022-11-17T13:36:42","slug":"horror-audio-tales","status":"publish","type":"post","link":"http:\/\/radioluna.iesalbarregas.com\/?p=1647","title":{"rendered":"AUDIO HORROR SHORT STORIES"},"content":{"rendered":"\n<figure class=\"wp-block-audio\"><audio controls src=\"http:\/\/radioluna.iesalbarregas.com\/wp-content\/uploads\/2022\/11\/Track-1.mp3\"><\/audio><\/figure>\n\n\n\n<figure class=\"wp-block-audio\"><audio controls src=\"http:\/\/radioluna.iesalbarregas.com\/wp-content\/uploads\/2022\/11\/Track-2.mp3\"><\/audio><\/figure>\n\n\n\n<figure class=\"wp-block-audio\"><audio controls src=\"http:\/\/radioluna.iesalbarregas.com\/wp-content\/uploads\/2022\/11\/Track-3.mp3\"><\/audio><\/figure>\n\n\n\n<figure class=\"wp-block-audio\"><audio controls src=\"http:\/\/radioluna.iesalbarregas.com\/wp-content\/uploads\/2022\/11\/Track-4.mp3\"><\/audio><\/figure>\n\n\n\n<figure class=\"wp-block-audio\"><audio controls src=\"http:\/\/radioluna.iesalbarregas.com\/wp-content\/uploads\/2022\/11\/Track-5-.mp3\"><\/audio><\/figure>\n\n\n\n<p>Entrega de audiorrelatos en Ingl\u00e9s presentados al II Concurso de Audirrelatos de Terror del IES Albarregas. Todas las grabaciones han sido realizadas por el alumnado participante. <\/p>\n\n\n\n<p>Audio 1: Lidia Ayuso (4\u00baE), Yaiza Rodr\u00edguez, Sergio Texeira, Nora Sadornil  Luc\u00eda Agudo, Diana Villanueva, Daniel Torvisco, Luc\u00eda Rodr\u00edguez y Jos\u00e9 Mac\u00edas (3\u00baE)<\/p>\n\n\n\n<p>Audio 2: Rub\u00e9n Ayuso&nbsp; (2\u00baA), David Carrasco, Jaime Gonz\u00e1lez, Mar\u00eda Mah\u00edllo, Miriam Acosta, Nerea Garc\u00eda, Nerea Isidoro y&nbsp; Sara Barrero (3\u00baA)<\/p>\n\n\n\n<p>Audio 3: <strong>&nbsp;<\/strong>Samuel Cu\u00e9llar, Rebeca Romero, Pablo Gonz\u00e1lez, Layra Polo y Juan de Dios Rom\u00e1n (3\u00baE)<\/p>\n\n\n\n<p>Audio 4: Irene Vinagre, Irene Garc\u00eda, Fabio Ramos, \u00c9rika Romero, Daniela Antol\u00edn (3\u00baE)<\/p>\n\n\n\n<p>Audio 5: Celia Ledesma, Carla G\u00f3mez, Candela P\u00e9rez, Blanca Romero, Alejandro Jim\u00e9nez, Abel G\u00f3mez y Sof\u00eda Torralba (3\u00baE)<\/p>\n\n\n\n<figure class=\"wp-block-image size-full\"><a href=\"http:\/\/radioluna.iesalbarregas.com\/wp-content\/uploads\/2022\/11\/Pic-1.jpeg\"><img loading=\"lazy\" width=\"278\" height=\"182\" src=\"http:\/\/radioluna.iesalbarregas.com\/wp-content\/uploads\/2022\/11\/Pic-1.jpeg\" alt=\"\" class=\"wp-image-1653\"\/><\/a><\/figure>\n","protected":false},"excerpt":{"rendered":"<p>Entrega de audiorrelatos en Ingl\u00e9s presentados al II Concurso de Audirrelatos de Terror del IES Albarregas. Todas las grabaciones han sido realizadas por el alumnado participante. Audio 1: Lidia Ayuso (4\u00baE), Yaiza Rodr\u00edguez, Sergio Texeira, Nora Sadornil Luc\u00eda Agudo, Diana &hellip; <a href=\"http:\/\/radioluna.iesalbarregas.com\/?p=1647\">Sigue leyendo <span class=\"meta-nav\">&rarr;<\/span><\/a><\/p>\n","protected":false},"author":2,"featured_media":0,"comment_status":"closed","ping_status":"closed","sticky":false,"template":"","format":"standard","meta":[],"categories":[52,9],"tags":[123,121,115],"_links":{"self":[{"href":"http:\/\/radioluna.iesalbarregas.com\/index.php?rest_route=\/wp\/v2\/posts\/1647"}],"collection":[{"href":"http:\/\/radioluna.iesalbarregas.com\/index.php?rest_route=\/wp\/v2\/posts"}],"about":[{"href":"http:\/\/radioluna.iesalbarregas.com\/index.php?rest_route=\/wp\/v2\/types\/post"}],"author":[{"embeddable":true,"href":"http:\/\/radioluna.iesalbarregas.com\/index.php?rest_route=\/wp\/v2\/users\/2"}],"replies":[{"embeddable":true,"href":"http:\/\/radioluna.iesalbarregas.com\/index.php?rest_route=%2Fwp%2Fv2%2Fcomments&post=1647"}],"version-history":[{"count":3,"href":"http:\/\/radioluna.iesalbarregas.com\/index.php?rest_route=\/wp\/v2\/posts\/1647\/revisions"}],"predecessor-version":[{"id":1662,"href":"http:\/\/radioluna.iesalbarregas.com\/index.php?rest_route=\/wp\/v2\/posts\/1647\/revisions\/1662"}],"wp:attachment":[{"href":"http:\/\/radioluna.iesalbarregas.com\/index.php?rest_route=%2Fwp%2Fv2%2Fmedia&parent=1647"}],"wp:term":[{"taxonomy":"category","embeddable":true,"href":"http:\/\/radioluna.iesalbarregas.com\/index.php?rest_route=%2Fwp%2Fv2%2Fcategories&post=1647"},{"taxonomy":"post_tag","embeddable":true,"href":"http:\/\/radioluna.iesalbarregas.com\/index.php?rest_route=%2Fwp%2Fv2%2Ftags&post=1647"}],"curies":[{"name":"wp","href":"https:\/\/api.w.org\/{rel}","templated":true}]}}