{"id":164,"date":"2015-11-03T20:00:33","date_gmt":"2015-11-03T19:00:33","guid":{"rendered":"http:\/\/radioluna.iesalbarregas.com\/?p=164"},"modified":"2020-04-05T12:27:46","modified_gmt":"2020-04-05T11:27:46","slug":"noviembre-de-2015-seguimos","status":"publish","type":"post","link":"http:\/\/radioluna.iesalbarregas.com\/?p=164","title":{"rendered":"Noviembre de 2015. Seguimos&#8230;"},"content":{"rendered":"<p style=\"text-align: justify;\">Aunque no es un programa \u00abal uso\u00bb, s\u00ed que es una actividad m\u00e1s de nuestro centro y por tanto ah\u00ed est\u00e1 RadioLuna para registrarlo y mostrarlo a trav\u00e9s de su p\u00e1gina web. Estamos hablando de las actividades que han realizado durante una semana alumnos del \u00abReal Col\u00e9gio de Portugal\u00bb en su estancia en M\u00e9rida, en intercambio con los alumnos de nuestro Albarregas. Lo pod\u00e9is ver en la secci\u00f3n \u00ab<span style=\"color: #ff6600;\"><em><strong><a style=\"color: #ff6600;\" href=\"http:\/\/radioluna.iesalbarregas.com\/?page_id=60\">m\u00e1s cosas<\/a><\/strong><\/em><\/span>\u00bb de esta p\u00e1gina&#8230;<\/p>\n","protected":false},"excerpt":{"rendered":"<p>Aunque no es un programa \u00abal uso\u00bb, s\u00ed que es una actividad m\u00e1s de nuestro centro y por tanto ah\u00ed est\u00e1 RadioLuna para registrarlo y mostrarlo a trav\u00e9s de su p\u00e1gina web. Estamos hablando de las actividades que han realizado &hellip; <a href=\"http:\/\/radioluna.iesalbarregas.com\/?p=164\">Sigue leyendo <span class=\"meta-nav\">&rarr;<\/span><\/a><\/p>\n","protected":false},"author":1,"featured_media":0,"comment_status":"open","ping_status":"open","sticky":false,"template":"","format":"standard","meta":[],"categories":[44],"tags":[],"_links":{"self":[{"href":"http:\/\/radioluna.iesalbarregas.com\/index.php?rest_route=\/wp\/v2\/posts\/164"}],"collection":[{"href":"http:\/\/radioluna.iesalbarregas.com\/index.php?rest_route=\/wp\/v2\/posts"}],"about":[{"href":"http:\/\/radioluna.iesalbarregas.com\/index.php?rest_route=\/wp\/v2\/types\/post"}],"author":[{"embeddable":true,"href":"http:\/\/radioluna.iesalbarregas.com\/index.php?rest_route=\/wp\/v2\/users\/1"}],"replies":[{"embeddable":true,"href":"http:\/\/radioluna.iesalbarregas.com\/index.php?rest_route=%2Fwp%2Fv2%2Fcomments&post=164"}],"version-history":[{"count":2,"href":"http:\/\/radioluna.iesalbarregas.com\/index.php?rest_route=\/wp\/v2\/posts\/164\/revisions"}],"predecessor-version":[{"id":166,"href":"http:\/\/radioluna.iesalbarregas.com\/index.php?rest_route=\/wp\/v2\/posts\/164\/revisions\/166"}],"wp:attachment":[{"href":"http:\/\/radioluna.iesalbarregas.com\/index.php?rest_route=%2Fwp%2Fv2%2Fmedia&parent=164"}],"wp:term":[{"taxonomy":"category","embeddable":true,"href":"http:\/\/radioluna.iesalbarregas.com\/index.php?rest_route=%2Fwp%2Fv2%2Fcategories&post=164"},{"taxonomy":"post_tag","embeddable":true,"href":"http:\/\/radioluna.iesalbarregas.com\/index.php?rest_route=%2Fwp%2Fv2%2Ftags&post=164"}],"curies":[{"name":"wp","href":"https:\/\/api.w.org\/{rel}","templated":true}]}}