{"id":1605,"date":"2022-10-27T12:30:45","date_gmt":"2022-10-27T11:30:45","guid":{"rendered":"http:\/\/radioluna.iesalbarregas.com\/?p=1605"},"modified":"2022-10-27T20:04:26","modified_gmt":"2022-10-27T19:04:26","slug":"las-relaciones-toxicas-entre-iguales","status":"publish","type":"post","link":"http:\/\/radioluna.iesalbarregas.com\/?p=1605","title":{"rendered":"LAS RELACIONES T\u00d3XICAS ENTRE IGUALES"},"content":{"rendered":"\n<figure class=\"wp-block-audio\"><audio controls src=\"http:\/\/radioluna.iesalbarregas.com\/wp-content\/uploads\/2022\/10\/Entrevista-Policia-definitivo-1.mp3\"><\/audio><\/figure>\n\n\n\n<p>El martes, 25 de octubre, los alumnos de 1\u00ba Bachillerato recibieron una charla formativa para concienciar de la importancia de \u00abLas relaciones t\u00f3xicas entre iguales\u00bb e informar sobre la nueva Ley de \u00abSolo S\u00ed es S\u00ed\u00bb. La charla fue impartida por dos agentes del Cuerpo Nacional de Polic\u00eda. Tras la charla, los agentes visitaron el estudio de Radio Luna y respondieron las preguntas que les realizaron las alumnas de 1\u00ba Bachillerato B, Laura Bejarano, Claudia Cabezas y Joanna Llavador. En la parte t\u00e9cnica estuvo la profesora Bel\u00e9n Mart\u00edn. No os perd\u00e1is esta interesante entrevista.<\/p>\n\n\n\n<figure class=\"wp-block-gallery has-nested-images columns-default is-cropped\">\n<figure class=\"wp-block-image size-large\"><a href=\"http:\/\/radioluna.iesalbarregas.com\/wp-content\/uploads\/2022\/10\/1666862040698-1.jpg\"><img loading=\"lazy\" width=\"1024\" height=\"769\" data-id=\"1607\"  src=\"http:\/\/radioluna.iesalbarregas.com\/wp-content\/uploads\/2022\/10\/1666862040698-1-1024x769.jpg\" alt=\"\" class=\"wp-image-1607\" srcset=\"http:\/\/radioluna.iesalbarregas.com\/wp-content\/uploads\/2022\/10\/1666862040698-1-1024x769.jpg 1024w, http:\/\/radioluna.iesalbarregas.com\/wp-content\/uploads\/2022\/10\/1666862040698-1-300x225.jpg 300w, http:\/\/radioluna.iesalbarregas.com\/wp-content\/uploads\/2022\/10\/1666862040698-1-768x576.jpg 768w, http:\/\/radioluna.iesalbarregas.com\/wp-content\/uploads\/2022\/10\/1666862040698-1-1536x1153.jpg 1536w, http:\/\/radioluna.iesalbarregas.com\/wp-content\/uploads\/2022\/10\/1666862040698-1-400x300.jpg 400w, http:\/\/radioluna.iesalbarregas.com\/wp-content\/uploads\/2022\/10\/1666862040698-1.jpg 2048w\" sizes=\"(max-width: 1024px) 100vw, 1024px\" \/><\/a><\/figure>\n\n\n\n<figure class=\"wp-block-image size-large\"><a href=\"http:\/\/radioluna.iesalbarregas.com\/wp-content\/uploads\/2022\/10\/1666862040724-1.jpg\"><img loading=\"lazy\" width=\"1024\" height=\"769\" data-id=\"1609\"  src=\"http:\/\/radioluna.iesalbarregas.com\/wp-content\/uploads\/2022\/10\/1666862040724-1-1024x769.jpg\" alt=\"\" class=\"wp-image-1609\" srcset=\"http:\/\/radioluna.iesalbarregas.com\/wp-content\/uploads\/2022\/10\/1666862040724-1-1024x769.jpg 1024w, http:\/\/radioluna.iesalbarregas.com\/wp-content\/uploads\/2022\/10\/1666862040724-1-300x225.jpg 300w, http:\/\/radioluna.iesalbarregas.com\/wp-content\/uploads\/2022\/10\/1666862040724-1-768x576.jpg 768w, http:\/\/radioluna.iesalbarregas.com\/wp-content\/uploads\/2022\/10\/1666862040724-1-1536x1153.jpg 1536w, http:\/\/radioluna.iesalbarregas.com\/wp-content\/uploads\/2022\/10\/1666862040724-1-400x300.jpg 400w, http:\/\/radioluna.iesalbarregas.com\/wp-content\/uploads\/2022\/10\/1666862040724-1.jpg 2048w\" sizes=\"(max-width: 1024px) 100vw, 1024px\" \/><\/a><\/figure>\n\n\n\n<figure class=\"wp-block-image size-large\"><a href=\"http:\/\/radioluna.iesalbarregas.com\/wp-content\/uploads\/2022\/10\/1666862040711-1.jpg\"><img loading=\"lazy\" width=\"1024\" height=\"769\" data-id=\"1608\"  src=\"http:\/\/radioluna.iesalbarregas.com\/wp-content\/uploads\/2022\/10\/1666862040711-1-1024x769.jpg\" alt=\"\" class=\"wp-image-1608\" srcset=\"http:\/\/radioluna.iesalbarregas.com\/wp-content\/uploads\/2022\/10\/1666862040711-1-1024x769.jpg 1024w, http:\/\/radioluna.iesalbarregas.com\/wp-content\/uploads\/2022\/10\/1666862040711-1-300x225.jpg 300w, http:\/\/radioluna.iesalbarregas.com\/wp-content\/uploads\/2022\/10\/1666862040711-1-768x576.jpg 768w, http:\/\/radioluna.iesalbarregas.com\/wp-content\/uploads\/2022\/10\/1666862040711-1-1536x1153.jpg 1536w, http:\/\/radioluna.iesalbarregas.com\/wp-content\/uploads\/2022\/10\/1666862040711-1-400x300.jpg 400w, http:\/\/radioluna.iesalbarregas.com\/wp-content\/uploads\/2022\/10\/1666862040711-1.jpg 2048w\" sizes=\"(max-width: 1024px) 100vw, 1024px\" \/><\/a><\/figure>\n<\/figure>\n","protected":false},"excerpt":{"rendered":"<p>El martes, 25 de octubre, los alumnos de 1\u00ba Bachillerato recibieron una charla formativa para concienciar de la importancia de \u00abLas relaciones t\u00f3xicas entre iguales\u00bb e informar sobre la nueva Ley de \u00abSolo S\u00ed es S\u00ed\u00bb. La charla fue impartida &hellip; <a href=\"http:\/\/radioluna.iesalbarregas.com\/?p=1605\">Sigue leyendo <span class=\"meta-nav\">&rarr;<\/span><\/a><\/p>\n","protected":false},"author":2,"featured_media":0,"comment_status":"closed","ping_status":"closed","sticky":false,"template":"","format":"standard","meta":[],"categories":[9],"tags":[115,118],"_links":{"self":[{"href":"http:\/\/radioluna.iesalbarregas.com\/index.php?rest_route=\/wp\/v2\/posts\/1605"}],"collection":[{"href":"http:\/\/radioluna.iesalbarregas.com\/index.php?rest_route=\/wp\/v2\/posts"}],"about":[{"href":"http:\/\/radioluna.iesalbarregas.com\/index.php?rest_route=\/wp\/v2\/types\/post"}],"author":[{"embeddable":true,"href":"http:\/\/radioluna.iesalbarregas.com\/index.php?rest_route=\/wp\/v2\/users\/2"}],"replies":[{"embeddable":true,"href":"http:\/\/radioluna.iesalbarregas.com\/index.php?rest_route=%2Fwp%2Fv2%2Fcomments&post=1605"}],"version-history":[{"count":2,"href":"http:\/\/radioluna.iesalbarregas.com\/index.php?rest_route=\/wp\/v2\/posts\/1605\/revisions"}],"predecessor-version":[{"id":1612,"href":"http:\/\/radioluna.iesalbarregas.com\/index.php?rest_route=\/wp\/v2\/posts\/1605\/revisions\/1612"}],"wp:attachment":[{"href":"http:\/\/radioluna.iesalbarregas.com\/index.php?rest_route=%2Fwp%2Fv2%2Fmedia&parent=1605"}],"wp:term":[{"taxonomy":"category","embeddable":true,"href":"http:\/\/radioluna.iesalbarregas.com\/index.php?rest_route=%2Fwp%2Fv2%2Fcategories&post=1605"},{"taxonomy":"post_tag","embeddable":true,"href":"http:\/\/radioluna.iesalbarregas.com\/index.php?rest_route=%2Fwp%2Fv2%2Ftags&post=1605"}],"curies":[{"name":"wp","href":"https:\/\/api.w.org\/{rel}","templated":true}]}}