{"id":1588,"date":"2022-10-24T07:51:10","date_gmt":"2022-10-24T06:51:10","guid":{"rendered":"http:\/\/radioluna.iesalbarregas.com\/?p=1588"},"modified":"2022-10-24T07:56:26","modified_gmt":"2022-10-24T06:56:26","slug":"dia-internacional-contra-el-cambio-climatico","status":"publish","type":"post","link":"http:\/\/radioluna.iesalbarregas.com\/?p=1588","title":{"rendered":"D\u00cdA INTERNACIONAL CONTRA EL CAMBIO CLIM\u00c1TICO"},"content":{"rendered":"\n<figure class=\"wp-block-audio\"><audio controls src=\"http:\/\/radioluna.iesalbarregas.com\/wp-content\/uploads\/2022\/10\/Biologia-3oB.mp3\"><\/audio><\/figure>\n\n\n\n<p>\u00abEl 24 de octubre, como cada a\u00f1o, se conmemora en todo el mundo el D\u00eda Internacional contra el Cambio Clim\u00e1tico. Esta celebraci\u00f3n fue instaurada por Naciones Unidas para concienciar de los grandes da\u00f1os que se est\u00e1n generando como consecuencia del cambio clim\u00e1tico en todo el planeta.<\/p>\n\n\n\n<p>Para celebrar este d\u00eda y como un grito de nuestro alumnado para parar la contaminaci\u00f3n que est\u00e1 generando el cambio clim\u00e1tico, el alumnado de <strong>3\u00ba ESO B<\/strong> ha preparado una entrevista entre ellos que animamos a escuchar, adem\u00e1s de invitaros a leer todos los carteles que el alumnado del Albarregas ha realizado para concienciarnos de los efectos da\u00f1inos que produce el cambio clim\u00e1tico.<\/p>\n\n\n\n<p>Los autores de la entrevista son: Adara Ramos, Ainara Mart\u00edn, Javier Molina, Antonio Salguero, Paula Monta\u00f1a, Rahma Zarouki, Pedro Guerrero, Luc\u00eda Lozano, Meia Le\u00f3n. \u00ab<\/p>\n\n\n\n<figure class=\"wp-block-gallery has-nested-images columns-default is-cropped\">\n<figure class=\"wp-block-image size-large\"><a href=\"http:\/\/radioluna.iesalbarregas.com\/wp-content\/uploads\/2022\/10\/1666594019625-scaled.jpg\"><img loading=\"lazy\" width=\"1024\" height=\"768\" data-id=\"1590\"  src=\"http:\/\/radioluna.iesalbarregas.com\/wp-content\/uploads\/2022\/10\/1666594019625-1024x768.jpg\" alt=\"\" class=\"wp-image-1590\" srcset=\"http:\/\/radioluna.iesalbarregas.com\/wp-content\/uploads\/2022\/10\/1666594019625-1024x768.jpg 1024w, http:\/\/radioluna.iesalbarregas.com\/wp-content\/uploads\/2022\/10\/1666594019625-300x225.jpg 300w, http:\/\/radioluna.iesalbarregas.com\/wp-content\/uploads\/2022\/10\/1666594019625-768x576.jpg 768w, http:\/\/radioluna.iesalbarregas.com\/wp-content\/uploads\/2022\/10\/1666594019625-1536x1152.jpg 1536w, http:\/\/radioluna.iesalbarregas.com\/wp-content\/uploads\/2022\/10\/1666594019625-2048x1536.jpg 2048w, http:\/\/radioluna.iesalbarregas.com\/wp-content\/uploads\/2022\/10\/1666594019625-400x300.jpg 400w\" sizes=\"(max-width: 1024px) 100vw, 1024px\" \/><\/a><\/figure>\n\n\n\n<figure class=\"wp-block-image size-large\"><a href=\"http:\/\/radioluna.iesalbarregas.com\/wp-content\/uploads\/2022\/10\/1666594019634-scaled.jpg\"><img loading=\"lazy\" width=\"1024\" height=\"768\" data-id=\"1591\"  src=\"http:\/\/radioluna.iesalbarregas.com\/wp-content\/uploads\/2022\/10\/1666594019634-1024x768.jpg\" alt=\"\" class=\"wp-image-1591\" srcset=\"http:\/\/radioluna.iesalbarregas.com\/wp-content\/uploads\/2022\/10\/1666594019634-1024x768.jpg 1024w, http:\/\/radioluna.iesalbarregas.com\/wp-content\/uploads\/2022\/10\/1666594019634-300x225.jpg 300w, http:\/\/radioluna.iesalbarregas.com\/wp-content\/uploads\/2022\/10\/1666594019634-768x576.jpg 768w, http:\/\/radioluna.iesalbarregas.com\/wp-content\/uploads\/2022\/10\/1666594019634-1536x1152.jpg 1536w, http:\/\/radioluna.iesalbarregas.com\/wp-content\/uploads\/2022\/10\/1666594019634-2048x1536.jpg 2048w, http:\/\/radioluna.iesalbarregas.com\/wp-content\/uploads\/2022\/10\/1666594019634-400x300.jpg 400w\" sizes=\"(max-width: 1024px) 100vw, 1024px\" \/><\/a><\/figure>\n\n\n\n<figure class=\"wp-block-image size-large\"><a href=\"http:\/\/radioluna.iesalbarregas.com\/wp-content\/uploads\/2022\/10\/1666594019644-scaled.jpg\"><img loading=\"lazy\" width=\"1024\" height=\"768\" data-id=\"1592\"  src=\"http:\/\/radioluna.iesalbarregas.com\/wp-content\/uploads\/2022\/10\/1666594019644-1024x768.jpg\" alt=\"\" class=\"wp-image-1592\" srcset=\"http:\/\/radioluna.iesalbarregas.com\/wp-content\/uploads\/2022\/10\/1666594019644-1024x768.jpg 1024w, http:\/\/radioluna.iesalbarregas.com\/wp-content\/uploads\/2022\/10\/1666594019644-300x225.jpg 300w, http:\/\/radioluna.iesalbarregas.com\/wp-content\/uploads\/2022\/10\/1666594019644-768x576.jpg 768w, http:\/\/radioluna.iesalbarregas.com\/wp-content\/uploads\/2022\/10\/1666594019644-1536x1152.jpg 1536w, http:\/\/radioluna.iesalbarregas.com\/wp-content\/uploads\/2022\/10\/1666594019644-2048x1536.jpg 2048w, http:\/\/radioluna.iesalbarregas.com\/wp-content\/uploads\/2022\/10\/1666594019644-400x300.jpg 400w\" sizes=\"(max-width: 1024px) 100vw, 1024px\" \/><\/a><\/figure>\n<\/figure>\n\n\n\n<figure class=\"wp-block-image size-large\"><a href=\"http:\/\/radioluna.iesalbarregas.com\/wp-content\/uploads\/2022\/10\/1666594019669-scaled.jpg\"><img loading=\"lazy\" width=\"1024\" height=\"768\" src=\"http:\/\/radioluna.iesalbarregas.com\/wp-content\/uploads\/2022\/10\/1666594019669-1024x768.jpg\" alt=\"\" class=\"wp-image-1595\" srcset=\"http:\/\/radioluna.iesalbarregas.com\/wp-content\/uploads\/2022\/10\/1666594019669-1024x768.jpg 1024w, http:\/\/radioluna.iesalbarregas.com\/wp-content\/uploads\/2022\/10\/1666594019669-300x225.jpg 300w, http:\/\/radioluna.iesalbarregas.com\/wp-content\/uploads\/2022\/10\/1666594019669-768x576.jpg 768w, http:\/\/radioluna.iesalbarregas.com\/wp-content\/uploads\/2022\/10\/1666594019669-1536x1152.jpg 1536w, http:\/\/radioluna.iesalbarregas.com\/wp-content\/uploads\/2022\/10\/1666594019669-2048x1536.jpg 2048w, http:\/\/radioluna.iesalbarregas.com\/wp-content\/uploads\/2022\/10\/1666594019669-400x300.jpg 400w\" sizes=\"(max-width: 1024px) 100vw, 1024px\" \/><\/a><\/figure>\n","protected":false},"excerpt":{"rendered":"<p>\u00abEl 24 de octubre, como cada a\u00f1o, se conmemora en todo el mundo el D\u00eda Internacional contra el Cambio Clim\u00e1tico. Esta celebraci\u00f3n fue instaurada por Naciones Unidas para concienciar de los grandes da\u00f1os que se est\u00e1n generando como consecuencia del &hellip; <a href=\"http:\/\/radioluna.iesalbarregas.com\/?p=1588\">Sigue leyendo <span class=\"meta-nav\">&rarr;<\/span><\/a><\/p>\n","protected":false},"author":2,"featured_media":0,"comment_status":"closed","ping_status":"closed","sticky":false,"template":"","format":"standard","meta":[],"categories":[9],"tags":[115,117],"_links":{"self":[{"href":"http:\/\/radioluna.iesalbarregas.com\/index.php?rest_route=\/wp\/v2\/posts\/1588"}],"collection":[{"href":"http:\/\/radioluna.iesalbarregas.com\/index.php?rest_route=\/wp\/v2\/posts"}],"about":[{"href":"http:\/\/radioluna.iesalbarregas.com\/index.php?rest_route=\/wp\/v2\/types\/post"}],"author":[{"embeddable":true,"href":"http:\/\/radioluna.iesalbarregas.com\/index.php?rest_route=\/wp\/v2\/users\/2"}],"replies":[{"embeddable":true,"href":"http:\/\/radioluna.iesalbarregas.com\/index.php?rest_route=%2Fwp%2Fv2%2Fcomments&post=1588"}],"version-history":[{"count":1,"href":"http:\/\/radioluna.iesalbarregas.com\/index.php?rest_route=\/wp\/v2\/posts\/1588\/revisions"}],"predecessor-version":[{"id":1596,"href":"http:\/\/radioluna.iesalbarregas.com\/index.php?rest_route=\/wp\/v2\/posts\/1588\/revisions\/1596"}],"wp:attachment":[{"href":"http:\/\/radioluna.iesalbarregas.com\/index.php?rest_route=%2Fwp%2Fv2%2Fmedia&parent=1588"}],"wp:term":[{"taxonomy":"category","embeddable":true,"href":"http:\/\/radioluna.iesalbarregas.com\/index.php?rest_route=%2Fwp%2Fv2%2Fcategories&post=1588"},{"taxonomy":"post_tag","embeddable":true,"href":"http:\/\/radioluna.iesalbarregas.com\/index.php?rest_route=%2Fwp%2Fv2%2Ftags&post=1588"}],"curies":[{"name":"wp","href":"https:\/\/api.w.org\/{rel}","templated":true}]}}