{"id":158,"date":"2015-04-16T19:27:50","date_gmt":"2015-04-16T18:27:50","guid":{"rendered":"http:\/\/radioluna.iesalbarregas.com\/?p=158"},"modified":"2020-04-05T12:27:38","modified_gmt":"2020-04-05T11:27:38","slug":"y-de-nuevo-la-semana-cultural","status":"publish","type":"post","link":"http:\/\/radioluna.iesalbarregas.com\/?p=158","title":{"rendered":"Y de nuevo&#8230; \u00a1la semana cultural!"},"content":{"rendered":"<p style=\"text-align: justify;\">Y RadioLuna no pod\u00eda faltar a la cita. En este programa os contamos qu\u00e9 pas\u00f3, qu\u00e9 actividades ha habido en el centro&#8230; \u00a1y fuera de \u00e9l! Pincha en <span style=\"color: #ff6600;\"><em><strong><a style=\"color: #ff6600;\" href=\"http:\/\/radioluna.iesalbarregas.com\/?page_id=2\">Programas emitidos<\/a><\/strong><\/em><\/span>\u00a0para verlo.<\/p>\n","protected":false},"excerpt":{"rendered":"<p>Y RadioLuna no pod\u00eda faltar a la cita. En este programa os contamos qu\u00e9 pas\u00f3, qu\u00e9 actividades ha habido en el centro&#8230; \u00a1y fuera de \u00e9l! Pincha en Programas emitidos\u00a0para verlo.<\/p>\n","protected":false},"author":1,"featured_media":0,"comment_status":"open","ping_status":"open","sticky":false,"template":"","format":"standard","meta":[],"categories":[44],"tags":[],"_links":{"self":[{"href":"http:\/\/radioluna.iesalbarregas.com\/index.php?rest_route=\/wp\/v2\/posts\/158"}],"collection":[{"href":"http:\/\/radioluna.iesalbarregas.com\/index.php?rest_route=\/wp\/v2\/posts"}],"about":[{"href":"http:\/\/radioluna.iesalbarregas.com\/index.php?rest_route=\/wp\/v2\/types\/post"}],"author":[{"embeddable":true,"href":"http:\/\/radioluna.iesalbarregas.com\/index.php?rest_route=\/wp\/v2\/users\/1"}],"replies":[{"embeddable":true,"href":"http:\/\/radioluna.iesalbarregas.com\/index.php?rest_route=%2Fwp%2Fv2%2Fcomments&post=158"}],"version-history":[{"count":2,"href":"http:\/\/radioluna.iesalbarregas.com\/index.php?rest_route=\/wp\/v2\/posts\/158\/revisions"}],"predecessor-version":[{"id":160,"href":"http:\/\/radioluna.iesalbarregas.com\/index.php?rest_route=\/wp\/v2\/posts\/158\/revisions\/160"}],"wp:attachment":[{"href":"http:\/\/radioluna.iesalbarregas.com\/index.php?rest_route=%2Fwp%2Fv2%2Fmedia&parent=158"}],"wp:term":[{"taxonomy":"category","embeddable":true,"href":"http:\/\/radioluna.iesalbarregas.com\/index.php?rest_route=%2Fwp%2Fv2%2Fcategories&post=158"},{"taxonomy":"post_tag","embeddable":true,"href":"http:\/\/radioluna.iesalbarregas.com\/index.php?rest_route=%2Fwp%2Fv2%2Ftags&post=158"}],"curies":[{"name":"wp","href":"https:\/\/api.w.org\/{rel}","templated":true}]}}