{"id":1568,"date":"2022-10-18T08:12:30","date_gmt":"2022-10-18T07:12:30","guid":{"rendered":"http:\/\/radioluna.iesalbarregas.com\/?p=1568"},"modified":"2022-10-18T08:14:08","modified_gmt":"2022-10-18T07:14:08","slug":"jornada-de-deporte-inclusivo","status":"publish","type":"post","link":"http:\/\/radioluna.iesalbarregas.com\/?p=1568","title":{"rendered":"JORNADA DE DEPORTE INCLUSIVO"},"content":{"rendered":"\n<figure class=\"wp-block-audio\"><audio controls src=\"http:\/\/radioluna.iesalbarregas.com\/wp-content\/uploads\/2022\/10\/Deporte-inclusivo-Luis-Garcia.mp3\"><\/audio><\/figure>\n\n\n\n<p>El viernes 14 de octubre celebramos en el IES Albarregas una jornada de Deporte inclusivo en la que recibimos la visita de Luis Garc\u00eda, deportista extreme\u00f1o que padece una enfermedad degenerativa. Esta actividad se engloba dentro del programa DIE (Deporte Inclusivo en la Escuela). Tras una ponencia en la que Luis nos conquist\u00f3 a todos con su historia de esfuerzo y superaci\u00f3n, pudimos entrevistarle en el estudio de Radio Luna. Luc\u00eda Rivas, Diana G\u00f3mez y Hugo Tamayo (4\u00baESO) y \u00c1ngel Morales (Profesor de EF), entrevistaron a Luis y a una de sus monitoras, Marta Bote. En el archivo adjunto de esta entrada pod\u00e9is ver el programa completo de actividades de esta jornada. Esperamos que la disfrut\u00e9is.<\/p>\n\n\n\n<figure class=\"wp-block-gallery has-nested-images columns-default is-cropped\">\n<figure class=\"wp-block-image size-large\"><a href=\"http:\/\/radioluna.iesalbarregas.com\/wp-content\/uploads\/2022\/10\/1666075366904-scaled.jpg\"><img loading=\"lazy\" width=\"1024\" height=\"768\" data-id=\"1570\"  src=\"http:\/\/radioluna.iesalbarregas.com\/wp-content\/uploads\/2022\/10\/1666075366904-1024x768.jpg\" alt=\"\" class=\"wp-image-1570\" srcset=\"http:\/\/radioluna.iesalbarregas.com\/wp-content\/uploads\/2022\/10\/1666075366904-1024x768.jpg 1024w, http:\/\/radioluna.iesalbarregas.com\/wp-content\/uploads\/2022\/10\/1666075366904-300x225.jpg 300w, http:\/\/radioluna.iesalbarregas.com\/wp-content\/uploads\/2022\/10\/1666075366904-768x576.jpg 768w, http:\/\/radioluna.iesalbarregas.com\/wp-content\/uploads\/2022\/10\/1666075366904-1536x1152.jpg 1536w, http:\/\/radioluna.iesalbarregas.com\/wp-content\/uploads\/2022\/10\/1666075366904-2048x1536.jpg 2048w, http:\/\/radioluna.iesalbarregas.com\/wp-content\/uploads\/2022\/10\/1666075366904-400x300.jpg 400w\" sizes=\"(max-width: 1024px) 100vw, 1024px\" \/><\/a><\/figure>\n\n\n\n<figure class=\"wp-block-image size-large\"><a href=\"http:\/\/radioluna.iesalbarregas.com\/wp-content\/uploads\/2022\/10\/1666075367046-scaled.jpg\"><img loading=\"lazy\" width=\"1024\" height=\"768\" data-id=\"1574\"  src=\"http:\/\/radioluna.iesalbarregas.com\/wp-content\/uploads\/2022\/10\/1666075367046-1024x768.jpg\" alt=\"\" class=\"wp-image-1574\" srcset=\"http:\/\/radioluna.iesalbarregas.com\/wp-content\/uploads\/2022\/10\/1666075367046-1024x768.jpg 1024w, http:\/\/radioluna.iesalbarregas.com\/wp-content\/uploads\/2022\/10\/1666075367046-300x225.jpg 300w, http:\/\/radioluna.iesalbarregas.com\/wp-content\/uploads\/2022\/10\/1666075367046-768x576.jpg 768w, http:\/\/radioluna.iesalbarregas.com\/wp-content\/uploads\/2022\/10\/1666075367046-1536x1152.jpg 1536w, http:\/\/radioluna.iesalbarregas.com\/wp-content\/uploads\/2022\/10\/1666075367046-2048x1536.jpg 2048w, http:\/\/radioluna.iesalbarregas.com\/wp-content\/uploads\/2022\/10\/1666075367046-400x300.jpg 400w\" sizes=\"(max-width: 1024px) 100vw, 1024px\" \/><\/a><\/figure>\n\n\n\n<figure class=\"wp-block-image size-large\"><a href=\"http:\/\/radioluna.iesalbarregas.com\/wp-content\/uploads\/2022\/10\/1666075366978-scaled.jpg\"><img loading=\"lazy\" width=\"1024\" height=\"768\" data-id=\"1572\"  src=\"http:\/\/radioluna.iesalbarregas.com\/wp-content\/uploads\/2022\/10\/1666075366978-1024x768.jpg\" alt=\"\" class=\"wp-image-1572\" srcset=\"http:\/\/radioluna.iesalbarregas.com\/wp-content\/uploads\/2022\/10\/1666075366978-1024x768.jpg 1024w, http:\/\/radioluna.iesalbarregas.com\/wp-content\/uploads\/2022\/10\/1666075366978-300x225.jpg 300w, http:\/\/radioluna.iesalbarregas.com\/wp-content\/uploads\/2022\/10\/1666075366978-768x576.jpg 768w, http:\/\/radioluna.iesalbarregas.com\/wp-content\/uploads\/2022\/10\/1666075366978-1536x1152.jpg 1536w, http:\/\/radioluna.iesalbarregas.com\/wp-content\/uploads\/2022\/10\/1666075366978-2048x1536.jpg 2048w, http:\/\/radioluna.iesalbarregas.com\/wp-content\/uploads\/2022\/10\/1666075366978-400x300.jpg 400w\" sizes=\"(max-width: 1024px) 100vw, 1024px\" \/><\/a><\/figure>\n\n\n\n<figure class=\"wp-block-image size-large\"><a href=\"http:\/\/radioluna.iesalbarregas.com\/wp-content\/uploads\/2022\/10\/1666075367021-scaled.jpg\"><img loading=\"lazy\" width=\"1024\" height=\"768\" data-id=\"1573\"  src=\"http:\/\/radioluna.iesalbarregas.com\/wp-content\/uploads\/2022\/10\/1666075367021-1024x768.jpg\" alt=\"\" class=\"wp-image-1573\" srcset=\"http:\/\/radioluna.iesalbarregas.com\/wp-content\/uploads\/2022\/10\/1666075367021-1024x768.jpg 1024w, http:\/\/radioluna.iesalbarregas.com\/wp-content\/uploads\/2022\/10\/1666075367021-300x225.jpg 300w, http:\/\/radioluna.iesalbarregas.com\/wp-content\/uploads\/2022\/10\/1666075367021-768x576.jpg 768w, http:\/\/radioluna.iesalbarregas.com\/wp-content\/uploads\/2022\/10\/1666075367021-1536x1152.jpg 1536w, http:\/\/radioluna.iesalbarregas.com\/wp-content\/uploads\/2022\/10\/1666075367021-2048x1536.jpg 2048w, http:\/\/radioluna.iesalbarregas.com\/wp-content\/uploads\/2022\/10\/1666075367021-400x300.jpg 400w\" sizes=\"(max-width: 1024px) 100vw, 1024px\" \/><\/a><\/figure>\n\n\n\n<figure class=\"wp-block-image size-large\"><a href=\"http:\/\/radioluna.iesalbarregas.com\/wp-content\/uploads\/2022\/10\/1666075366956-scaled.jpg\"><img loading=\"lazy\" width=\"1024\" height=\"768\" data-id=\"1575\"  src=\"http:\/\/radioluna.iesalbarregas.com\/wp-content\/uploads\/2022\/10\/1666075366956-1024x768.jpg\" alt=\"\" class=\"wp-image-1575\" srcset=\"http:\/\/radioluna.iesalbarregas.com\/wp-content\/uploads\/2022\/10\/1666075366956-1024x768.jpg 1024w, http:\/\/radioluna.iesalbarregas.com\/wp-content\/uploads\/2022\/10\/1666075366956-300x225.jpg 300w, http:\/\/radioluna.iesalbarregas.com\/wp-content\/uploads\/2022\/10\/1666075366956-768x576.jpg 768w, http:\/\/radioluna.iesalbarregas.com\/wp-content\/uploads\/2022\/10\/1666075366956-1536x1152.jpg 1536w, http:\/\/radioluna.iesalbarregas.com\/wp-content\/uploads\/2022\/10\/1666075366956-2048x1536.jpg 2048w, http:\/\/radioluna.iesalbarregas.com\/wp-content\/uploads\/2022\/10\/1666075366956-400x300.jpg 400w\" sizes=\"(max-width: 1024px) 100vw, 1024px\" \/><\/a><\/figure>\n\n\n\n<figure class=\"wp-block-image size-large\"><a href=\"http:\/\/radioluna.iesalbarregas.com\/wp-content\/uploads\/2022\/10\/1666075366996-scaled.jpg\"><img loading=\"lazy\" width=\"1024\" height=\"768\" data-id=\"1571\"  src=\"http:\/\/radioluna.iesalbarregas.com\/wp-content\/uploads\/2022\/10\/1666075366996-1024x768.jpg\" alt=\"\" class=\"wp-image-1571\" srcset=\"http:\/\/radioluna.iesalbarregas.com\/wp-content\/uploads\/2022\/10\/1666075366996-1024x768.jpg 1024w, http:\/\/radioluna.iesalbarregas.com\/wp-content\/uploads\/2022\/10\/1666075366996-300x225.jpg 300w, http:\/\/radioluna.iesalbarregas.com\/wp-content\/uploads\/2022\/10\/1666075366996-768x576.jpg 768w, http:\/\/radioluna.iesalbarregas.com\/wp-content\/uploads\/2022\/10\/1666075366996-1536x1152.jpg 1536w, http:\/\/radioluna.iesalbarregas.com\/wp-content\/uploads\/2022\/10\/1666075366996-2048x1536.jpg 2048w, http:\/\/radioluna.iesalbarregas.com\/wp-content\/uploads\/2022\/10\/1666075366996-400x300.jpg 400w\" sizes=\"(max-width: 1024px) 100vw, 1024px\" \/><\/a><\/figure>\n<\/figure>\n\n\n\n<div class=\"wp-block-file\"><object class=\"wp-block-file__embed\" data=\"http:\/\/radioluna.iesalbarregas.com\/wp-content\/uploads\/2022\/10\/Jornada_de_Deporte_Inclusivo_perteneciente_al_programa_DIE-1.pdf\" type=\"application\/pdf\" style=\"width:100%;height:600px\" aria-label=\"Incrustado de Jornada_de_Deporte_Inclusivo_perteneciente_al_programa_DIE-1.\"><\/object><a id=\"wp-block-file--media-bdd9f3ff-9f23-4f36-b5c3-b8300e24e30d\" href=\"http:\/\/radioluna.iesalbarregas.com\/wp-content\/uploads\/2022\/10\/Jornada_de_Deporte_Inclusivo_perteneciente_al_programa_DIE-1.pdf\">Jornada_de_Deporte_Inclusivo_perteneciente_al_programa_DIE-1<\/a><a href=\"http:\/\/radioluna.iesalbarregas.com\/wp-content\/uploads\/2022\/10\/Jornada_de_Deporte_Inclusivo_perteneciente_al_programa_DIE-1.pdf\" class=\"wp-block-file__button\" download aria-describedby=\"wp-block-file--media-bdd9f3ff-9f23-4f36-b5c3-b8300e24e30d\">Descarga<\/a><\/div>\n","protected":false},"excerpt":{"rendered":"<p>El viernes 14 de octubre celebramos en el IES Albarregas una jornada de Deporte inclusivo en la que recibimos la visita de Luis Garc\u00eda, deportista extreme\u00f1o que padece una enfermedad degenerativa. Esta actividad se engloba dentro del programa DIE (Deporte &hellip; <a href=\"http:\/\/radioluna.iesalbarregas.com\/?p=1568\">Sigue leyendo <span class=\"meta-nav\">&rarr;<\/span><\/a><\/p>\n","protected":false},"author":2,"featured_media":1570,"comment_status":"closed","ping_status":"closed","sticky":false,"template":"","format":"standard","meta":[],"categories":[1],"tags":[115,114],"_links":{"self":[{"href":"http:\/\/radioluna.iesalbarregas.com\/index.php?rest_route=\/wp\/v2\/posts\/1568"}],"collection":[{"href":"http:\/\/radioluna.iesalbarregas.com\/index.php?rest_route=\/wp\/v2\/posts"}],"about":[{"href":"http:\/\/radioluna.iesalbarregas.com\/index.php?rest_route=\/wp\/v2\/types\/post"}],"author":[{"embeddable":true,"href":"http:\/\/radioluna.iesalbarregas.com\/index.php?rest_route=\/wp\/v2\/users\/2"}],"replies":[{"embeddable":true,"href":"http:\/\/radioluna.iesalbarregas.com\/index.php?rest_route=%2Fwp%2Fv2%2Fcomments&post=1568"}],"version-history":[{"count":2,"href":"http:\/\/radioluna.iesalbarregas.com\/index.php?rest_route=\/wp\/v2\/posts\/1568\/revisions"}],"predecessor-version":[{"id":1578,"href":"http:\/\/radioluna.iesalbarregas.com\/index.php?rest_route=\/wp\/v2\/posts\/1568\/revisions\/1578"}],"wp:featuredmedia":[{"embeddable":true,"href":"http:\/\/radioluna.iesalbarregas.com\/index.php?rest_route=\/wp\/v2\/media\/1570"}],"wp:attachment":[{"href":"http:\/\/radioluna.iesalbarregas.com\/index.php?rest_route=%2Fwp%2Fv2%2Fmedia&parent=1568"}],"wp:term":[{"taxonomy":"category","embeddable":true,"href":"http:\/\/radioluna.iesalbarregas.com\/index.php?rest_route=%2Fwp%2Fv2%2Fcategories&post=1568"},{"taxonomy":"post_tag","embeddable":true,"href":"http:\/\/radioluna.iesalbarregas.com\/index.php?rest_route=%2Fwp%2Fv2%2Ftags&post=1568"}],"curies":[{"name":"wp","href":"https:\/\/api.w.org\/{rel}","templated":true}]}}