{"id":1563,"date":"2022-06-30T11:11:50","date_gmt":"2022-06-30T10:11:50","guid":{"rendered":"http:\/\/radioluna.iesalbarregas.com\/?p=1563"},"modified":"2022-06-30T11:14:08","modified_gmt":"2022-06-30T10:14:08","slug":"robe-sus-letras-y-su-filosofia","status":"publish","type":"post","link":"http:\/\/radioluna.iesalbarregas.com\/?p=1563","title":{"rendered":"ROBE: SUS LETRAS Y SU FILOSOF\u00cdA"},"content":{"rendered":"\n<p>Entre notas y acordes con Extremoduro, Robe, sus letras y su filosof\u00eda.<\/p>\n\n\n\n<p>Ponemos el ep\u00edlogo a este curso con el inicio de una nueva gira de Robe Iniesta. El m\u00fasico extreme\u00f1o m\u00e1s universal es analizado a trav\u00e9s de sus letras y acordes por los profesores Sergio Gallardo (Filosof\u00eda), Lali Luna (Lengua, Alem\u00e1n, Cultura Cl\u00e1sica, Pl\u00e1stica) y Helena Nova, alumna de Bachillerato y estudiante de m\u00fasica. Se mezclan met\u00e1foras y esencias del amor, del miedo, los sentidos con los paisajes y el sentido vital, el paso del tiempo\u2026 todo ello con el virtuosismo de una nueva banda que va m\u00e1s all\u00e1 del rock transgresivo que patentara Extremoduro. Los micr\u00f3fonos de Radio Luna se preparan para descansar, pero estas melod\u00edas seguir\u00e1n resonando en tu cabeza. \u00a1Dale al play para comprobarlo!<\/p>\n\n\n\n<figure class=\"wp-block-audio\"><audio controls src=\"http:\/\/radioluna.iesalbarregas.com\/wp-content\/uploads\/2022\/06\/PROGRAMA-RADIO-LUNA-EXTREMODURO-ROBE.mp3\"><\/audio><\/figure>\n\n\n\n<figure class=\"wp-block-image size-large\"><a href=\"http:\/\/radioluna.iesalbarregas.com\/wp-content\/uploads\/2022\/06\/Foto-estudio-con-camiseta-Extremoduro.png\"><img loading=\"lazy\" width=\"768\" height=\"1024\" src=\"http:\/\/radioluna.iesalbarregas.com\/wp-content\/uploads\/2022\/06\/Foto-estudio-con-camiseta-Extremoduro-768x1024.png\" alt=\"\" class=\"wp-image-1565\" srcset=\"http:\/\/radioluna.iesalbarregas.com\/wp-content\/uploads\/2022\/06\/Foto-estudio-con-camiseta-Extremoduro-768x1024.png 768w, http:\/\/radioluna.iesalbarregas.com\/wp-content\/uploads\/2022\/06\/Foto-estudio-con-camiseta-Extremoduro-225x300.png 225w, http:\/\/radioluna.iesalbarregas.com\/wp-content\/uploads\/2022\/06\/Foto-estudio-con-camiseta-Extremoduro-1152x1536.png 1152w, http:\/\/radioluna.iesalbarregas.com\/wp-content\/uploads\/2022\/06\/Foto-estudio-con-camiseta-Extremoduro.png 1500w\" sizes=\"(max-width: 768px) 100vw, 768px\" \/><\/a><\/figure>\n","protected":false},"excerpt":{"rendered":"<p>Entre notas y acordes con Extremoduro, Robe, sus letras y su filosof\u00eda. Ponemos el ep\u00edlogo a este curso con el inicio de una nueva gira de Robe Iniesta. El m\u00fasico extreme\u00f1o m\u00e1s universal es analizado a trav\u00e9s de sus letras &hellip; <a href=\"http:\/\/radioluna.iesalbarregas.com\/?p=1563\">Sigue leyendo <span class=\"meta-nav\">&rarr;<\/span><\/a><\/p>\n","protected":false},"author":2,"featured_media":0,"comment_status":"closed","ping_status":"closed","sticky":false,"template":"","format":"standard","meta":[],"categories":[9],"tags":[104,111,113],"_links":{"self":[{"href":"http:\/\/radioluna.iesalbarregas.com\/index.php?rest_route=\/wp\/v2\/posts\/1563"}],"collection":[{"href":"http:\/\/radioluna.iesalbarregas.com\/index.php?rest_route=\/wp\/v2\/posts"}],"about":[{"href":"http:\/\/radioluna.iesalbarregas.com\/index.php?rest_route=\/wp\/v2\/types\/post"}],"author":[{"embeddable":true,"href":"http:\/\/radioluna.iesalbarregas.com\/index.php?rest_route=\/wp\/v2\/users\/2"}],"replies":[{"embeddable":true,"href":"http:\/\/radioluna.iesalbarregas.com\/index.php?rest_route=%2Fwp%2Fv2%2Fcomments&post=1563"}],"version-history":[{"count":1,"href":"http:\/\/radioluna.iesalbarregas.com\/index.php?rest_route=\/wp\/v2\/posts\/1563\/revisions"}],"predecessor-version":[{"id":1566,"href":"http:\/\/radioluna.iesalbarregas.com\/index.php?rest_route=\/wp\/v2\/posts\/1563\/revisions\/1566"}],"wp:attachment":[{"href":"http:\/\/radioluna.iesalbarregas.com\/index.php?rest_route=%2Fwp%2Fv2%2Fmedia&parent=1563"}],"wp:term":[{"taxonomy":"category","embeddable":true,"href":"http:\/\/radioluna.iesalbarregas.com\/index.php?rest_route=%2Fwp%2Fv2%2Fcategories&post=1563"},{"taxonomy":"post_tag","embeddable":true,"href":"http:\/\/radioluna.iesalbarregas.com\/index.php?rest_route=%2Fwp%2Fv2%2Ftags&post=1563"}],"curies":[{"name":"wp","href":"https:\/\/api.w.org\/{rel}","templated":true}]}}