{"id":1542,"date":"2022-06-16T22:42:49","date_gmt":"2022-06-16T21:42:49","guid":{"rendered":"http:\/\/radioluna.iesalbarregas.com\/?p=1542"},"modified":"2022-06-16T22:44:34","modified_gmt":"2022-06-16T21:44:34","slug":"contando-la-historia","status":"publish","type":"post","link":"http:\/\/radioluna.iesalbarregas.com\/?p=1542","title":{"rendered":"CONTANDO LA HISTORIA"},"content":{"rendered":"\n<p>Los alumnos Javier Calle Ord\u00f3\u00f1ez y Ra\u00fal Rodr\u00edguez B\u00e1ez son unos aut\u00e9nticos apasionados de la historia. Est\u00e1n en 1\u00ba de la ESO y hoy nos dan unas pinceladas sobre las guerras mundiales. Hay que decir que su intervenci\u00f3n no es parte de ning\u00fan trabajo de clase, sino que se interesan por la historia como hobby; alucinante, \u00bfverdad?<\/p>\n\n\n\n<figure class=\"wp-block-audio\"><audio controls src=\"http:\/\/radioluna.iesalbarregas.com\/wp-content\/uploads\/2022\/06\/Historia-Lali.mp3\"><\/audio><\/figure>\n\n\n\n<figure class=\"wp-block-gallery has-nested-images columns-default is-cropped\">\n<figure class=\"wp-block-image size-large\"><a href=\"http:\/\/radioluna.iesalbarregas.com\/wp-content\/uploads\/2022\/06\/1655367202576-scaled.jpg\"><img loading=\"lazy\" width=\"1024\" height=\"768\" data-id=\"1545\"  src=\"http:\/\/radioluna.iesalbarregas.com\/wp-content\/uploads\/2022\/06\/1655367202576-1024x768.jpg\" alt=\"\" class=\"wp-image-1545\" srcset=\"http:\/\/radioluna.iesalbarregas.com\/wp-content\/uploads\/2022\/06\/1655367202576-1024x768.jpg 1024w, http:\/\/radioluna.iesalbarregas.com\/wp-content\/uploads\/2022\/06\/1655367202576-300x225.jpg 300w, http:\/\/radioluna.iesalbarregas.com\/wp-content\/uploads\/2022\/06\/1655367202576-768x576.jpg 768w, http:\/\/radioluna.iesalbarregas.com\/wp-content\/uploads\/2022\/06\/1655367202576-1536x1152.jpg 1536w, http:\/\/radioluna.iesalbarregas.com\/wp-content\/uploads\/2022\/06\/1655367202576-2048x1536.jpg 2048w, http:\/\/radioluna.iesalbarregas.com\/wp-content\/uploads\/2022\/06\/1655367202576-400x300.jpg 400w\" sizes=\"(max-width: 1024px) 100vw, 1024px\" \/><\/a><\/figure>\n\n\n\n<figure class=\"wp-block-image size-large\"><a href=\"http:\/\/radioluna.iesalbarregas.com\/wp-content\/uploads\/2022\/06\/1655367202581-scaled.jpg\"><img loading=\"lazy\" width=\"1024\" height=\"768\" data-id=\"1544\"  src=\"http:\/\/radioluna.iesalbarregas.com\/wp-content\/uploads\/2022\/06\/1655367202581-1024x768.jpg\" alt=\"\" class=\"wp-image-1544\" srcset=\"http:\/\/radioluna.iesalbarregas.com\/wp-content\/uploads\/2022\/06\/1655367202581-1024x768.jpg 1024w, http:\/\/radioluna.iesalbarregas.com\/wp-content\/uploads\/2022\/06\/1655367202581-300x225.jpg 300w, http:\/\/radioluna.iesalbarregas.com\/wp-content\/uploads\/2022\/06\/1655367202581-768x576.jpg 768w, http:\/\/radioluna.iesalbarregas.com\/wp-content\/uploads\/2022\/06\/1655367202581-1536x1152.jpg 1536w, http:\/\/radioluna.iesalbarregas.com\/wp-content\/uploads\/2022\/06\/1655367202581-2048x1536.jpg 2048w, http:\/\/radioluna.iesalbarregas.com\/wp-content\/uploads\/2022\/06\/1655367202581-400x300.jpg 400w\" sizes=\"(max-width: 1024px) 100vw, 1024px\" \/><\/a><\/figure>\n<\/figure>\n","protected":false},"excerpt":{"rendered":"<p>Los alumnos Javier Calle Ord\u00f3\u00f1ez y Ra\u00fal Rodr\u00edguez B\u00e1ez son unos aut\u00e9nticos apasionados de la historia. Est\u00e1n en 1\u00ba de la ESO y hoy nos dan unas pinceladas sobre las guerras mundiales. Hay que decir que su intervenci\u00f3n no es &hellip; <a href=\"http:\/\/radioluna.iesalbarregas.com\/?p=1542\">Sigue leyendo <span class=\"meta-nav\">&rarr;<\/span><\/a><\/p>\n","protected":false},"author":2,"featured_media":0,"comment_status":"closed","ping_status":"closed","sticky":false,"template":"","format":"standard","meta":[],"categories":[9],"tags":[111],"_links":{"self":[{"href":"http:\/\/radioluna.iesalbarregas.com\/index.php?rest_route=\/wp\/v2\/posts\/1542"}],"collection":[{"href":"http:\/\/radioluna.iesalbarregas.com\/index.php?rest_route=\/wp\/v2\/posts"}],"about":[{"href":"http:\/\/radioluna.iesalbarregas.com\/index.php?rest_route=\/wp\/v2\/types\/post"}],"author":[{"embeddable":true,"href":"http:\/\/radioluna.iesalbarregas.com\/index.php?rest_route=\/wp\/v2\/users\/2"}],"replies":[{"embeddable":true,"href":"http:\/\/radioluna.iesalbarregas.com\/index.php?rest_route=%2Fwp%2Fv2%2Fcomments&post=1542"}],"version-history":[{"count":2,"href":"http:\/\/radioluna.iesalbarregas.com\/index.php?rest_route=\/wp\/v2\/posts\/1542\/revisions"}],"predecessor-version":[{"id":1547,"href":"http:\/\/radioluna.iesalbarregas.com\/index.php?rest_route=\/wp\/v2\/posts\/1542\/revisions\/1547"}],"wp:attachment":[{"href":"http:\/\/radioluna.iesalbarregas.com\/index.php?rest_route=%2Fwp%2Fv2%2Fmedia&parent=1542"}],"wp:term":[{"taxonomy":"category","embeddable":true,"href":"http:\/\/radioluna.iesalbarregas.com\/index.php?rest_route=%2Fwp%2Fv2%2Fcategories&post=1542"},{"taxonomy":"post_tag","embeddable":true,"href":"http:\/\/radioluna.iesalbarregas.com\/index.php?rest_route=%2Fwp%2Fv2%2Ftags&post=1542"}],"curies":[{"name":"wp","href":"https:\/\/api.w.org\/{rel}","templated":true}]}}