{"id":154,"date":"2015-03-02T19:22:50","date_gmt":"2015-03-02T18:22:50","guid":{"rendered":"http:\/\/radioluna.iesalbarregas.com\/?p=154"},"modified":"2020-04-05T12:27:26","modified_gmt":"2020-04-05T11:27:26","slug":"nos-vamos-de-erasmus","status":"publish","type":"post","link":"http:\/\/radioluna.iesalbarregas.com\/?p=154","title":{"rendered":"Nos vamos de Erasmus+"},"content":{"rendered":"<p style=\"text-align: justify;\">\u00a0En esta ocasi\u00f3n conocemos el proyecto Erasmus+ en el que est\u00e1 inmerso el insti y que est\u00e1 facilitando la movilidad de profesores y alumnos por diferentes pa\u00edses europeos. Tambi\u00e9n os daremos cuenta de la visita de decenas de alumnos de primaria a nuestro centro, donde nos deleitaron con sus actuaciones musicales&#8230; \u00a1Y m\u00e1s cosas! Como siempre, en la secci\u00f3n <span style=\"color: #ff6600;\"><em><strong><a style=\"color: #ff6600;\" href=\"http:\/\/radioluna.iesalbarregas.com\/?page_id=2\">Programas emitidos<\/a><\/strong><\/em><\/span>.<\/p>\n","protected":false},"excerpt":{"rendered":"<p>\u00a0En esta ocasi\u00f3n conocemos el proyecto Erasmus+ en el que est\u00e1 inmerso el insti y que est\u00e1 facilitando la movilidad de profesores y alumnos por diferentes pa\u00edses europeos. Tambi\u00e9n os daremos cuenta de la visita de decenas de alumnos de &hellip; <a href=\"http:\/\/radioluna.iesalbarregas.com\/?p=154\">Sigue leyendo <span class=\"meta-nav\">&rarr;<\/span><\/a><\/p>\n","protected":false},"author":1,"featured_media":0,"comment_status":"open","ping_status":"open","sticky":false,"template":"","format":"standard","meta":[],"categories":[44],"tags":[],"_links":{"self":[{"href":"http:\/\/radioluna.iesalbarregas.com\/index.php?rest_route=\/wp\/v2\/posts\/154"}],"collection":[{"href":"http:\/\/radioluna.iesalbarregas.com\/index.php?rest_route=\/wp\/v2\/posts"}],"about":[{"href":"http:\/\/radioluna.iesalbarregas.com\/index.php?rest_route=\/wp\/v2\/types\/post"}],"author":[{"embeddable":true,"href":"http:\/\/radioluna.iesalbarregas.com\/index.php?rest_route=\/wp\/v2\/users\/1"}],"replies":[{"embeddable":true,"href":"http:\/\/radioluna.iesalbarregas.com\/index.php?rest_route=%2Fwp%2Fv2%2Fcomments&post=154"}],"version-history":[{"count":3,"href":"http:\/\/radioluna.iesalbarregas.com\/index.php?rest_route=\/wp\/v2\/posts\/154\/revisions"}],"predecessor-version":[{"id":157,"href":"http:\/\/radioluna.iesalbarregas.com\/index.php?rest_route=\/wp\/v2\/posts\/154\/revisions\/157"}],"wp:attachment":[{"href":"http:\/\/radioluna.iesalbarregas.com\/index.php?rest_route=%2Fwp%2Fv2%2Fmedia&parent=154"}],"wp:term":[{"taxonomy":"category","embeddable":true,"href":"http:\/\/radioluna.iesalbarregas.com\/index.php?rest_route=%2Fwp%2Fv2%2Fcategories&post=154"},{"taxonomy":"post_tag","embeddable":true,"href":"http:\/\/radioluna.iesalbarregas.com\/index.php?rest_route=%2Fwp%2Fv2%2Ftags&post=154"}],"curies":[{"name":"wp","href":"https:\/\/api.w.org\/{rel}","templated":true}]}}